{"id":59,"date":"2006-04-03T14:44:00","date_gmt":"2006-04-03T14:44:00","guid":{"rendered":"http:\/\/localhost:81\/wp1\/?p=59"},"modified":"2006-04-03T14:44:00","modified_gmt":"2006-04-03T14:44:00","slug":"pardilho","status":"publish","type":"post","link":"https:\/\/sites.ecclesia.pt\/cv\/pardilho\/","title":{"rendered":"Pardilh\u00f3"},"content":{"rendered":"<p>Almo\u00e7o para o Lar de Idosos <!--more--> Em Pardilh\u00f3, realizou-se, recentemente, mais um almo\u00e7o a favor do Lar de Idosos em constru\u00e7\u00e3o na Quinta do Rezende. <\/p>\n<p>A popula\u00e7\u00e3o local participou com o j\u00e1 habitual esp\u00edrito de solidariedade, mas o ponto mais alto do almo\u00e7o-conv\u00edvio coincidiu com a entrega de oito mil d\u00f3lares angariados pela Uni\u00e3o Beneficente Pardilhoense, de Newark, EUA.<\/p>\n","protected":false},"excerpt":{"rendered":"<p>Almo\u00e7o para o Lar de Idosos<\/p>\n","protected":false},"author":1,"featured_media":0,"comment_status":"open","ping_status":"open","sticky":false,"template":"","format":"standard","meta":{"footnotes":""},"categories":[45],"tags":[],"class_list":["post-59","post","type-post","status-publish","format-standard","hentry","category-regioes"],"_links":{"self":[{"href":"https:\/\/sites.ecclesia.pt\/cv\/wp-json\/wp\/v2\/posts\/59","targetHints":{"allow":["GET"]}}],"collection":[{"href":"https:\/\/sites.ecclesia.pt\/cv\/wp-json\/wp\/v2\/posts"}],"about":[{"href":"https:\/\/sites.ecclesia.pt\/cv\/wp-json\/wp\/v2\/types\/post"}],"author":[{"embeddable":true,"href":"https:\/\/sites.ecclesia.pt\/cv\/wp-json\/wp\/v2\/users\/1"}],"replies":[{"embeddable":true,"href":"https:\/\/sites.ecclesia.pt\/cv\/wp-json\/wp\/v2\/comments?post=59"}],"version-history":[{"count":0,"href":"https:\/\/sites.ecclesia.pt\/cv\/wp-json\/wp\/v2\/posts\/59\/revisions"}],"wp:attachment":[{"href":"https:\/\/sites.ecclesia.pt\/cv\/wp-json\/wp\/v2\/media?parent=59"}],"wp:term":[{"taxonomy":"category","embeddable":true,"href":"https:\/\/sites.ecclesia.pt\/cv\/wp-json\/wp\/v2\/categories?post=59"},{"taxonomy":"post_tag","embeddable":true,"href":"https:\/\/sites.ecclesia.pt\/cv\/wp-json\/wp\/v2\/tags?post=59"}],"curies":[{"name":"wp","href":"https:\/\/api.w.org\/{rel}","templated":true}]}}