{"id":60,"date":"2006-04-03T14:44:00","date_gmt":"2006-04-03T14:44:00","guid":{"rendered":"http:\/\/localhost:81\/wp1\/?p=60"},"modified":"2006-04-03T14:44:00","modified_gmt":"2006-04-03T14:44:00","slug":"oliveira-do-bairro","status":"publish","type":"post","link":"https:\/\/sites.ecclesia.pt\/cv\/oliveira-do-bairro\/","title":{"rendered":"Oliveira do Bairro"},"content":{"rendered":"<p>Rota dos Vinhos da Bairrada &#8211; 7 de Setembro <!--more--> Com data marcada para 7 de Setembro, vai realizar-se a Rota dos Vinhos da Bairrada em bicicleta, por iniciativa da Associa\u00e7\u00e3o dos Naturais de Oliveira do Bairro. Com as inscri\u00e7\u00f5es a serem feitas a bom ritmo, tudo se conjuga para que seja mais um \u00eaxito.<\/p>\n<p>O circuito come\u00e7a \u00e0s 9 horas nas Caves Primavera, no Vale do Grou, \u00c1gueda, e termina, pelas 13 horas, na Adega Cooperativa de Cantanhede. Com este circuito, pretende-se, fundamentalmente, recordar aos participantes, de forma l\u00fadica, que a Rota dos Vinhos \u00e9 uma realidade.<\/p>\n","protected":false},"excerpt":{"rendered":"<p>Rota dos Vinhos da Bairrada &#8211; 7 de Setembro<\/p>\n","protected":false},"author":1,"featured_media":0,"comment_status":"open","ping_status":"open","sticky":false,"template":"","format":"standard","meta":{"footnotes":""},"categories":[45],"tags":[],"class_list":["post-60","post","type-post","status-publish","format-standard","hentry","category-regioes"],"_links":{"self":[{"href":"https:\/\/sites.ecclesia.pt\/cv\/wp-json\/wp\/v2\/posts\/60","targetHints":{"allow":["GET"]}}],"collection":[{"href":"https:\/\/sites.ecclesia.pt\/cv\/wp-json\/wp\/v2\/posts"}],"about":[{"href":"https:\/\/sites.ecclesia.pt\/cv\/wp-json\/wp\/v2\/types\/post"}],"author":[{"embeddable":true,"href":"https:\/\/sites.ecclesia.pt\/cv\/wp-json\/wp\/v2\/users\/1"}],"replies":[{"embeddable":true,"href":"https:\/\/sites.ecclesia.pt\/cv\/wp-json\/wp\/v2\/comments?post=60"}],"version-history":[{"count":0,"href":"https:\/\/sites.ecclesia.pt\/cv\/wp-json\/wp\/v2\/posts\/60\/revisions"}],"wp:attachment":[{"href":"https:\/\/sites.ecclesia.pt\/cv\/wp-json\/wp\/v2\/media?parent=60"}],"wp:term":[{"taxonomy":"category","embeddable":true,"href":"https:\/\/sites.ecclesia.pt\/cv\/wp-json\/wp\/v2\/categories?post=60"},{"taxonomy":"post_tag","embeddable":true,"href":"https:\/\/sites.ecclesia.pt\/cv\/wp-json\/wp\/v2\/tags?post=60"}],"curies":[{"name":"wp","href":"https:\/\/api.w.org\/{rel}","templated":true}]}}