{"id":6025,"date":"2006-04-03T14:44:00","date_gmt":"2006-04-03T14:44:00","guid":{"rendered":"http:\/\/localhost:81\/wp1\/?p=6025"},"modified":"2006-04-03T14:44:00","modified_gmt":"2006-04-03T14:44:00","slug":"retratos-de-um-fim-de-semana-itinerante","status":"publish","type":"post","link":"https:\/\/sites.ecclesia.pt\/cv\/retratos-de-um-fim-de-semana-itinerante\/","title":{"rendered":"Retratos de um fim-de-semana itinerante"},"content":{"rendered":"<p>No fim-de-semana de 16, 17 e 18 de Dezembro, a diocese de Aveiro foi palco de mais uma actividade destinada aos nossos jovens, o Itiner\u00e1rio Espiritual Jovem (IEJ).<\/p>\n<p>Este \u00e9, desde h\u00e1 alguns anos, um momento marcante do ritmo da nossa diocese, no que aos jovens diz respeito. Nele se concentra a proposta do SDPJ Aveiro de caminhada e aprofundamento espiritual e c\u00edvico, numa \u00e9poca em que se torna cada vez mais dif\u00edcil para os nossos jovens encontrarem espa\u00e7os e momentos de verdadeiras viv\u00eancias na f\u00e9.<\/p>\n<p>Constando da programa\u00e7\u00e3o do SDPJ para este ano, o IEJ resulta da combina\u00e7\u00e3o de quatro actividades dirigidas a diferentes faixas et\u00e1rias, a partir dos 14 anos. E foram cerca de 110, os jovens que aceitaram o desafio de, em tempo de Advento, prepararem de forma especial a chegada do Messias. <\/p>\n<p>OS MOMENTOS<\/p>\n<p>O C_Radical teve este ano a sua 2\u00aa edi\u00e7\u00e3o, assumindo cada vez mais um espa\u00e7o de descoberta de um Cristo Radical, atrav\u00e9s de uma viv\u00eancia de f\u00e9 a partir das v\u00e1rias actividades radicais propostas. Desta feita, a actividade teve in\u00edcio no Forte da Barra, onde se fez a travessia de lancha para S. Jacinto. O resto da actividade decorreu no Centro Nacional de Forma\u00e7\u00e3o Ambiental do CNE, com a participa\u00e7\u00e3o de 12 adolescentes, que mostraram n\u00e3o ter receio de experimentar o lado radical da f\u00e9.<\/p>\n<p>O 18\u00ba Nascer de Novo movimentou um total de 35 jovens, que aceitaram o desafio de, em tempo de Advento, redescobrirem as raz\u00f5es da sua f\u00e9, pondo de lado as m\u00e1scaras que tantas vezes trazemos colocadas nos nossos rostos. Este realizou-se na Casa Diocesana de Albergaria, \u00e0 semelhan\u00e7a do que j\u00e1 aconteceu em tempos recentes. Atrav\u00e9s de um percurso que visitou alguns dos locais de interesse de Albergaria, foi poss\u00edvel a estes jovens tra\u00e7arem novos rumos para assim poderem \u201cnascer de novo\u201d.<\/p>\n<p>Perto de atingir as 1000 edi\u00e7\u00f5es est\u00e1 o movimento dos Conv\u00edvios Fraternos, que na nossa diocese contou com a realiza\u00e7\u00e3o do CF 995. Na m\u00edtica casa de Eirol, 20 jovens foram descobrindo o significado de se ser conviva, convictos da import\u00e2ncia da sua miss\u00e3o: ir pelo mundo mostrar a sua heran\u00e7a\u2026 <\/p>\n<p>Por realizar ficou aquele que seria o 1\u00ba Faz-te ao Largo, a actividade pensada para os jovens mais velhos, animadores ou n\u00e3o, e que desta feita n\u00e3o se realizou por falta de inscri\u00e7\u00f5es. Pensamos que este ser\u00e1 o momento indicado para aqueles jovens que buscam a sua orienta\u00e7\u00e3o vocacional, que procuram o seu lugar na Igreja. Fica reservada a 1\u00aa edi\u00e7\u00e3o deste momento para a altura da P\u00e1scoa. Fiquem atentos!<\/p>\n<p>Uma palavra de apre\u00e7o especial vai para as equipas que prepararam estes momentos: 35 jovens que abdicaram do seu tempo, para assim O poder servir. O testemunho de f\u00e9 que transmitiram foi enaltecedor do esp\u00edrito de quem se sente instrumento do Seu trabalho. <\/p>\n<p>Todas estas actividades tiveram o seu encerramento, em conjunto, no dia 18 de Dezembro, no Centro Paroquial de Avanca. Contando com a presen\u00e7a de D. Ant\u00f3nio Marcelino, este foi mais um momento de partilha das actividades do fim-de-semana, com os v\u00e1rios grupos a demonstrarem o que por l\u00e1 andaram a fazer. Imbu\u00eddos deste esp\u00edrito festivo, onde o bom humor e a m\u00fasica foram presen\u00e7as constantes, fomos escutando as experi\u00eancias e viv\u00eancias de quem ousou passar um fim-de-semana itinerante. <\/p>\n<p>Equipa respons\u00e1vel pelo Itiner\u00e1rio Espiritual Jovem &#8211; Aveiro<\/p>\n","protected":false},"excerpt":{"rendered":"<p>No fim-de-semana de 16, 17 e 18 de Dezembro, a diocese de Aveiro foi palco de mais uma actividade destinada aos nossos jovens, o Itiner\u00e1rio Espiritual Jovem (IEJ). Este \u00e9, desde h\u00e1 alguns anos, um momento marcante do ritmo da nossa diocese, no que aos jovens diz respeito. Nele se concentra a proposta do SDPJ [&hellip;]<\/p>\n","protected":false},"author":1,"featured_media":0,"comment_status":"open","ping_status":"open","sticky":false,"template":"","format":"standard","meta":{"footnotes":""},"categories":[51],"tags":[],"class_list":["post-6025","post","type-post","status-publish","format-standard","hentry","category-jovens"],"_links":{"self":[{"href":"https:\/\/sites.ecclesia.pt\/cv\/wp-json\/wp\/v2\/posts\/6025","targetHints":{"allow":["GET"]}}],"collection":[{"href":"https:\/\/sites.ecclesia.pt\/cv\/wp-json\/wp\/v2\/posts"}],"about":[{"href":"https:\/\/sites.ecclesia.pt\/cv\/wp-json\/wp\/v2\/types\/post"}],"author":[{"embeddable":true,"href":"https:\/\/sites.ecclesia.pt\/cv\/wp-json\/wp\/v2\/users\/1"}],"replies":[{"embeddable":true,"href":"https:\/\/sites.ecclesia.pt\/cv\/wp-json\/wp\/v2\/comments?post=6025"}],"version-history":[{"count":0,"href":"https:\/\/sites.ecclesia.pt\/cv\/wp-json\/wp\/v2\/posts\/6025\/revisions"}],"wp:attachment":[{"href":"https:\/\/sites.ecclesia.pt\/cv\/wp-json\/wp\/v2\/media?parent=6025"}],"wp:term":[{"taxonomy":"category","embeddable":true,"href":"https:\/\/sites.ecclesia.pt\/cv\/wp-json\/wp\/v2\/categories?post=6025"},{"taxonomy":"post_tag","embeddable":true,"href":"https:\/\/sites.ecclesia.pt\/cv\/wp-json\/wp\/v2\/tags?post=6025"}],"curies":[{"name":"wp","href":"https:\/\/api.w.org\/{rel}","templated":true}]}}