{"id":6026,"date":"2006-04-03T14:44:00","date_gmt":"2006-04-03T14:44:00","guid":{"rendered":"http:\/\/localhost:81\/wp1\/?p=6026"},"modified":"2006-04-03T14:44:00","modified_gmt":"2006-04-03T14:44:00","slug":"aveiro-recebeu-eco-xxi","status":"publish","type":"post","link":"https:\/\/sites.ecclesia.pt\/cv\/aveiro-recebeu-eco-xxi\/","title":{"rendered":"Aveiro recebeu &#8220;Eco XXI&#8221;"},"content":{"rendered":"<p>Galard\u00e3o no \u00e2mbito da Educa\u00e7\u00e3o Ambiental <!--more--> O concelho de Aveiro foi um dos 33 munic\u00edpios portugueses galardoados com o \u201cEco XXI\u201d, atribu\u00eddo pela Funda\u00e7\u00e3o para a Educa\u00e7\u00e3o Ambiental em Portugal \u2013 Associa\u00e7\u00e3o Bandeira Azul, em reconhecimento pelas iniciativas e pol\u00edticas locais desenvolvidas em prol da defesa do ambiente.<\/p>\n<p>Cada munic\u00edpio candidato ao galard\u00e3o \u201cEco XXI\u201d teve que cumprir obrigatoriamente quatro indicadores \u2013 promo\u00e7\u00e3o da educa\u00e7\u00e3o ambiental; implementa\u00e7\u00e3o do programa eco-escolas; qualidade da \u00e1gua para consumo humano; valoriza\u00e7\u00e3o dos res\u00edduos s\u00f3lidos urbanos \u2013 aos quais se juntaram mais 18 outros indicadores tamb\u00e9m analisados pela Associa\u00e7\u00e3o para a Educa\u00e7\u00e3o Ambiental em Portugal, entre os quais: mapas do ru\u00eddo; exist\u00eancia de agricultura biol\u00f3gica; turismo sustent\u00e1vel; informa\u00e7\u00e3o municipal na \u00e1rea ambiental; mobilidade sustent\u00e1vel.<\/p>\n<p>Dos 38 munic\u00edpios candidatos ao galard\u00e3o, o de Aveiro foi um dos 33 concelhos que conseguiram obter uma percentagem superior a cinquenta por cento dos indicadores de desempenho ambiental analisados.<\/p>\n<p>No pr\u00f3ximo ano, o galard\u00e3o \u201cEco XXI\u201d dever\u00e1 ser atribu\u00eddo sob a forma de \u201cbandeira verde\u201d, que ser\u00e1 o equivalente \u00e0 conhecida \u201cbandeira azul\u201d com que a Associa\u00e7\u00e3o para a Educa\u00e7\u00e3o Ambiental em Portugal \u2013 Associa\u00e7\u00e3o Bandeira Azul \u2013 premeia a qualidade das praias portuguesas.<\/p>\n","protected":false},"excerpt":{"rendered":"<p>Galard\u00e3o no \u00e2mbito da Educa\u00e7\u00e3o Ambiental<\/p>\n","protected":false},"author":1,"featured_media":0,"comment_status":"open","ping_status":"open","sticky":false,"template":"","format":"standard","meta":{"footnotes":""},"categories":[63],"tags":[],"class_list":["post-6026","post","type-post","status-publish","format-standard","hentry","category-aveiro"],"_links":{"self":[{"href":"https:\/\/sites.ecclesia.pt\/cv\/wp-json\/wp\/v2\/posts\/6026","targetHints":{"allow":["GET"]}}],"collection":[{"href":"https:\/\/sites.ecclesia.pt\/cv\/wp-json\/wp\/v2\/posts"}],"about":[{"href":"https:\/\/sites.ecclesia.pt\/cv\/wp-json\/wp\/v2\/types\/post"}],"author":[{"embeddable":true,"href":"https:\/\/sites.ecclesia.pt\/cv\/wp-json\/wp\/v2\/users\/1"}],"replies":[{"embeddable":true,"href":"https:\/\/sites.ecclesia.pt\/cv\/wp-json\/wp\/v2\/comments?post=6026"}],"version-history":[{"count":0,"href":"https:\/\/sites.ecclesia.pt\/cv\/wp-json\/wp\/v2\/posts\/6026\/revisions"}],"wp:attachment":[{"href":"https:\/\/sites.ecclesia.pt\/cv\/wp-json\/wp\/v2\/media?parent=6026"}],"wp:term":[{"taxonomy":"category","embeddable":true,"href":"https:\/\/sites.ecclesia.pt\/cv\/wp-json\/wp\/v2\/categories?post=6026"},{"taxonomy":"post_tag","embeddable":true,"href":"https:\/\/sites.ecclesia.pt\/cv\/wp-json\/wp\/v2\/tags?post=6026"}],"curies":[{"name":"wp","href":"https:\/\/api.w.org\/{rel}","templated":true}]}}