{"id":6027,"date":"2006-04-03T14:44:00","date_gmt":"2006-04-03T14:44:00","guid":{"rendered":"http:\/\/localhost:81\/wp1\/?p=6027"},"modified":"2006-04-03T14:44:00","modified_gmt":"2006-04-03T14:44:00","slug":"pormenores-de-aveiro","status":"publish","type":"post","link":"https:\/\/sites.ecclesia.pt\/cv\/pormenores-de-aveiro\/","title":{"rendered":"Pormenores de Aveiro"},"content":{"rendered":"<p>Junto \u00e0 rotunda de acesso ao viaduto de Esgueira, do lado direito, ergue-se uma pequena parede, em forma de semi c\u00edrculo. Essa derru\u00edda constru\u00e7\u00e3o (foto 1)\u00e9 o que resta de um velho moinho de vento, cuja origem remonta ao per\u00edodo medieval.<\/p>\n<p>No in\u00edcio da presente d\u00e9cada, o moinho ainda ostentava a sua tradicional forma cil\u00edndrica, com um pequeno anexo (foto 2). A cobertura j\u00e1 estava bastante degradada, mas ainda era poss\u00edvel ver o que restava do antigo \u00abpau\u00bb das velas.<\/p>\n","protected":false},"excerpt":{"rendered":"<p>Junto \u00e0 rotunda de acesso ao viaduto de Esgueira, do lado direito, ergue-se uma pequena parede, em forma de semi c\u00edrculo. Essa derru\u00edda constru\u00e7\u00e3o (foto 1)\u00e9 o que resta de um velho moinho de vento, cuja origem remonta ao per\u00edodo medieval. No in\u00edcio da presente d\u00e9cada, o moinho ainda ostentava a sua tradicional forma cil\u00edndrica, [&hellip;]<\/p>\n","protected":false},"author":1,"featured_media":0,"comment_status":"open","ping_status":"open","sticky":false,"template":"","format":"standard","meta":{"footnotes":""},"categories":[63],"tags":[],"class_list":["post-6027","post","type-post","status-publish","format-standard","hentry","category-aveiro"],"_links":{"self":[{"href":"https:\/\/sites.ecclesia.pt\/cv\/wp-json\/wp\/v2\/posts\/6027","targetHints":{"allow":["GET"]}}],"collection":[{"href":"https:\/\/sites.ecclesia.pt\/cv\/wp-json\/wp\/v2\/posts"}],"about":[{"href":"https:\/\/sites.ecclesia.pt\/cv\/wp-json\/wp\/v2\/types\/post"}],"author":[{"embeddable":true,"href":"https:\/\/sites.ecclesia.pt\/cv\/wp-json\/wp\/v2\/users\/1"}],"replies":[{"embeddable":true,"href":"https:\/\/sites.ecclesia.pt\/cv\/wp-json\/wp\/v2\/comments?post=6027"}],"version-history":[{"count":0,"href":"https:\/\/sites.ecclesia.pt\/cv\/wp-json\/wp\/v2\/posts\/6027\/revisions"}],"wp:attachment":[{"href":"https:\/\/sites.ecclesia.pt\/cv\/wp-json\/wp\/v2\/media?parent=6027"}],"wp:term":[{"taxonomy":"category","embeddable":true,"href":"https:\/\/sites.ecclesia.pt\/cv\/wp-json\/wp\/v2\/categories?post=6027"},{"taxonomy":"post_tag","embeddable":true,"href":"https:\/\/sites.ecclesia.pt\/cv\/wp-json\/wp\/v2\/tags?post=6027"}],"curies":[{"name":"wp","href":"https:\/\/api.w.org\/{rel}","templated":true}]}}