{"id":6028,"date":"2006-04-03T14:44:00","date_gmt":"2006-04-03T14:44:00","guid":{"rendered":"http:\/\/localhost:81\/wp1\/?p=6028"},"modified":"2006-04-03T14:44:00","modified_gmt":"2006-04-03T14:44:00","slug":"antiga-camara-vai-abaixo","status":"publish","type":"post","link":"https:\/\/sites.ecclesia.pt\/cv\/antiga-camara-vai-abaixo\/","title":{"rendered":"Antiga C\u00e2mara vai abaixo?"},"content":{"rendered":"<p>Oliveira do Bairro <!--more--> O edif\u00edcio onde, no s\u00e9culo XIX, funcionou a C\u00e2mara Municipal de Oliveira do Bairro, e que acolheu tamb\u00e9m as instala\u00e7\u00f5es da antiga pris\u00e3o, situado no centro hist\u00f3rico da cidade, pr\u00f3ximo do im\u00f3vel da Biblioteca Municipal, o qual foi, at\u00e9 h\u00e1 pouco mais de uma d\u00e9cada, os Pa\u00e7os do Concelho, dever\u00e1 ser demolido para permitir o alargamento da estrada, apesar de recente-mente ter sido classificado como Im\u00f3vel de Interesse Municipal.<\/p>\n<p>Ao contr\u00e1rio do executivo municipal liderado por Ac\u00edlio Gala (CDS-PP), que prop\u00f4s a classifica\u00e7\u00e3o do im\u00f3vel j\u00e1 na sua fase final de mandato, o actual elenco municipal, presidido por M\u00e1rio Jo\u00e3o Oliveira (PSD), pretende demolir o antigo edif\u00edcio, de modo a permitir a requalifica\u00e7\u00e3o da EN 235 (estrada nacional), transformando essa via numa moderna avenida que atravessar\u00e1 toda a cidade, entre o novo quartel dos Bombeiros Volunt\u00e1rios (a poente) e a Escola Secund\u00e1ria (a nascente). Para tal, a autarquia dever\u00e1 anular o concurso de recupera\u00e7\u00e3o do hist\u00f3rico edif\u00edcio, lan\u00e7ado pelo executivo de Ac\u00edlio Gala.<\/p>\n<p>Num artigo publicado no \u201cJornal da Bairrada\u201d, Walter Rosa, docente da Universidade de Coimbra, refere que esse antigo im\u00f3vel est\u00e1 \u201cmuito descaracterizado\u201d, e que ter\u00e1 uma \u201cprov\u00e1vel origem seiscentista\u201d, sendo \u201cainda hoje conhecido como a \u00abCadeia Velha\u00bb, fun\u00e7\u00e3o que conservou depois de dali ter sido transferida para o outro lado do largo a sede do munic\u00edpio\u201d.<\/p>\n<p>No entanto, nesse artigo, o investigador sublinha que \u201cvisto como objecto isolado, o edif\u00edcio da Antiga Casa da C\u00e2mara e Cadeia de Oliveira do Bairro n\u00e3o desperta grande interesse. N\u00e3o \u00e9 monumental, est\u00e1 aparentemente muito descaracterizado, n\u00e3o tem qualquer elemento decorativo, etc. Por\u00e9m conserva todo o potencial de reposi\u00e7\u00e3o pr\u00f3xima da sua situa\u00e7\u00e3o original. Mais ainda, \u00e9 um digno representante em solo nacional de um dos programas e tipos mais simples de um equipamento que estruturou e ordenou o pa\u00eds e o Imp\u00e9rio durante toda a Idade Moderna da Hist\u00f3ria de Portugal\u201d.<\/p>\n<p>Numa \u201ccarta aberta ao Senhor Presidente da C\u00e2mara Municipal\u201d, assinada por Ac\u00edlio Gala, tamb\u00e9m publicada no \u201cJornal da Bairrada\u201d, o ex-autarca escreve: \u201c\u00c9 ainda minha convic\u00e7\u00e3o que o bom senso imperar\u00e1, n\u00e3o deixando que o asfalto abafe a voz da Hist\u00f3ria do Povo do nosso Concelho, perdendo-se, para todo o sempre, parte importante da nossa heran\u00e7a cultural\u201d.<\/p>\n<p>Cardoso  Ferreira<\/p>\n","protected":false},"excerpt":{"rendered":"<p>Oliveira do Bairro<\/p>\n","protected":false},"author":1,"featured_media":0,"comment_status":"open","ping_status":"open","sticky":false,"template":"","format":"standard","meta":{"footnotes":""},"categories":[45],"tags":[],"class_list":["post-6028","post","type-post","status-publish","format-standard","hentry","category-regioes"],"_links":{"self":[{"href":"https:\/\/sites.ecclesia.pt\/cv\/wp-json\/wp\/v2\/posts\/6028","targetHints":{"allow":["GET"]}}],"collection":[{"href":"https:\/\/sites.ecclesia.pt\/cv\/wp-json\/wp\/v2\/posts"}],"about":[{"href":"https:\/\/sites.ecclesia.pt\/cv\/wp-json\/wp\/v2\/types\/post"}],"author":[{"embeddable":true,"href":"https:\/\/sites.ecclesia.pt\/cv\/wp-json\/wp\/v2\/users\/1"}],"replies":[{"embeddable":true,"href":"https:\/\/sites.ecclesia.pt\/cv\/wp-json\/wp\/v2\/comments?post=6028"}],"version-history":[{"count":0,"href":"https:\/\/sites.ecclesia.pt\/cv\/wp-json\/wp\/v2\/posts\/6028\/revisions"}],"wp:attachment":[{"href":"https:\/\/sites.ecclesia.pt\/cv\/wp-json\/wp\/v2\/media?parent=6028"}],"wp:term":[{"taxonomy":"category","embeddable":true,"href":"https:\/\/sites.ecclesia.pt\/cv\/wp-json\/wp\/v2\/categories?post=6028"},{"taxonomy":"post_tag","embeddable":true,"href":"https:\/\/sites.ecclesia.pt\/cv\/wp-json\/wp\/v2\/tags?post=6028"}],"curies":[{"name":"wp","href":"https:\/\/api.w.org\/{rel}","templated":true}]}}