{"id":6029,"date":"2006-04-03T14:44:00","date_gmt":"2006-04-03T14:44:00","guid":{"rendered":"http:\/\/localhost:81\/wp1\/?p=6029"},"modified":"2006-04-03T14:44:00","modified_gmt":"2006-04-03T14:44:00","slug":"onze-trilhos-para-descobrir-a-natureza","status":"publish","type":"post","link":"https:\/\/sites.ecclesia.pt\/cv\/onze-trilhos-para-descobrir-a-natureza\/","title":{"rendered":"Onze trilhos para descobrir a natureza"},"content":{"rendered":"<p>Sever do Vouga <!--more--> A Federa\u00e7\u00e3o Portuguesa de Campismo e Caravanismo aprovou onze trilhos pedestres para a descoberta da natureza, percursos que integram um projecto que a C\u00e2mara Municipal de Sever do Vouga est\u00e1 a desenvolver com o objectivo de dar a conhecer cinco zonas do concelho com grande relev\u00e2ncia ambiental, nomeadamente no que se refere a fauna e flora. O projecto or\u00e7ado em cerca de 23 mil euros.<\/p>\n<p>Os trilhos tamb\u00e9m \u00e1reas com grande riqueza monumental, cultural, paisag\u00edstica e geol\u00f3gica, como sejam a antiga ponte f\u00e9rrea sobre o rio Vouga &#8211; Ponte de S. Tiago, o complexo das antigas minas do Bra\u00e7al, os aglomerados geol\u00f3gicos (mon\u00f3litos) da serra das Talhadas, as cascatas e respectivos moinhos de \u00e1gua da Cabreia, e ainda as margens de alguns cursos de \u00e1gua, entre os quais o rio Vouga e o rio Bom\/Mau.<\/p>\n","protected":false},"excerpt":{"rendered":"<p>Sever do Vouga<\/p>\n","protected":false},"author":1,"featured_media":0,"comment_status":"open","ping_status":"open","sticky":false,"template":"","format":"standard","meta":{"footnotes":""},"categories":[45],"tags":[],"class_list":["post-6029","post","type-post","status-publish","format-standard","hentry","category-regioes"],"_links":{"self":[{"href":"https:\/\/sites.ecclesia.pt\/cv\/wp-json\/wp\/v2\/posts\/6029","targetHints":{"allow":["GET"]}}],"collection":[{"href":"https:\/\/sites.ecclesia.pt\/cv\/wp-json\/wp\/v2\/posts"}],"about":[{"href":"https:\/\/sites.ecclesia.pt\/cv\/wp-json\/wp\/v2\/types\/post"}],"author":[{"embeddable":true,"href":"https:\/\/sites.ecclesia.pt\/cv\/wp-json\/wp\/v2\/users\/1"}],"replies":[{"embeddable":true,"href":"https:\/\/sites.ecclesia.pt\/cv\/wp-json\/wp\/v2\/comments?post=6029"}],"version-history":[{"count":0,"href":"https:\/\/sites.ecclesia.pt\/cv\/wp-json\/wp\/v2\/posts\/6029\/revisions"}],"wp:attachment":[{"href":"https:\/\/sites.ecclesia.pt\/cv\/wp-json\/wp\/v2\/media?parent=6029"}],"wp:term":[{"taxonomy":"category","embeddable":true,"href":"https:\/\/sites.ecclesia.pt\/cv\/wp-json\/wp\/v2\/categories?post=6029"},{"taxonomy":"post_tag","embeddable":true,"href":"https:\/\/sites.ecclesia.pt\/cv\/wp-json\/wp\/v2\/tags?post=6029"}],"curies":[{"name":"wp","href":"https:\/\/api.w.org\/{rel}","templated":true}]}}