{"id":6030,"date":"2006-04-03T14:44:00","date_gmt":"2006-04-03T14:44:00","guid":{"rendered":"http:\/\/localhost:81\/wp1\/?p=6030"},"modified":"2006-04-03T14:44:00","modified_gmt":"2006-04-03T14:44:00","slug":"cidade-limpa-20032004","status":"publish","type":"post","link":"https:\/\/sites.ecclesia.pt\/cv\/cidade-limpa-20032004\/","title":{"rendered":"Cidade Limpa 2003\/2004"},"content":{"rendered":"<p>\u00cdlhavo <!--more--> \u00cdlhavo recebeu o pr\u00e9mio \u201cCidades limpas 2003 \u2013 2004\u201d, atribu\u00eddo conjuntamente pelo Minist\u00e9rio do Ambiente e pela Associa\u00e7\u00e3o Portuguesa de Engenharia Sanit\u00e1ria e Ambiental, galard\u00e3o que reconheceu as boas pr\u00e1ticas em termos de gest\u00e3o de res\u00edduos urbanos executada, nesse ano, pela autarquia ilhavense, bem como o esfor\u00e7o conjugado entre a autarquia e a popula\u00e7\u00e3o do concelho.<\/p>\n<p>A par de \u00cdlhavo, foram contempladas com esse pr\u00e9mio as cidades de Alcoutim, Loures, Moura, Oeiras, Pombal, Tavira, Viana do Castelo e Vila do Conde.<\/p>\n","protected":false},"excerpt":{"rendered":"<p>\u00cdlhavo<\/p>\n","protected":false},"author":1,"featured_media":0,"comment_status":"open","ping_status":"open","sticky":false,"template":"","format":"standard","meta":{"footnotes":""},"categories":[45],"tags":[],"class_list":["post-6030","post","type-post","status-publish","format-standard","hentry","category-regioes"],"_links":{"self":[{"href":"https:\/\/sites.ecclesia.pt\/cv\/wp-json\/wp\/v2\/posts\/6030","targetHints":{"allow":["GET"]}}],"collection":[{"href":"https:\/\/sites.ecclesia.pt\/cv\/wp-json\/wp\/v2\/posts"}],"about":[{"href":"https:\/\/sites.ecclesia.pt\/cv\/wp-json\/wp\/v2\/types\/post"}],"author":[{"embeddable":true,"href":"https:\/\/sites.ecclesia.pt\/cv\/wp-json\/wp\/v2\/users\/1"}],"replies":[{"embeddable":true,"href":"https:\/\/sites.ecclesia.pt\/cv\/wp-json\/wp\/v2\/comments?post=6030"}],"version-history":[{"count":0,"href":"https:\/\/sites.ecclesia.pt\/cv\/wp-json\/wp\/v2\/posts\/6030\/revisions"}],"wp:attachment":[{"href":"https:\/\/sites.ecclesia.pt\/cv\/wp-json\/wp\/v2\/media?parent=6030"}],"wp:term":[{"taxonomy":"category","embeddable":true,"href":"https:\/\/sites.ecclesia.pt\/cv\/wp-json\/wp\/v2\/categories?post=6030"},{"taxonomy":"post_tag","embeddable":true,"href":"https:\/\/sites.ecclesia.pt\/cv\/wp-json\/wp\/v2\/tags?post=6030"}],"curies":[{"name":"wp","href":"https:\/\/api.w.org\/{rel}","templated":true}]}}