{"id":6031,"date":"2006-04-03T14:44:00","date_gmt":"2006-04-03T14:44:00","guid":{"rendered":"http:\/\/localhost:81\/wp1\/?p=6031"},"modified":"2006-04-03T14:44:00","modified_gmt":"2006-04-03T14:44:00","slug":"animadores-juvenis-em-formacao-tic-tac","status":"publish","type":"post","link":"https:\/\/sites.ecclesia.pt\/cv\/animadores-juvenis-em-formacao-tic-tac\/","title":{"rendered":"Animadores juvenis em forma\u00e7\u00e3o TIC TAC"},"content":{"rendered":"<p>Para animadores juvenis com idade superior a 18 anos, est\u00e3o abertas as inscri\u00e7\u00f5es, at\u00e9 6 de Janeiro, para um curso de forma\u00e7\u00e3o para o desenvolvimento de actividades no \u00e2mbito do Programa Juventude, do IPJ \u2013 Instituto Portugu\u00eas da Juventude. A forma\u00e7\u00e3o, denominada TIC TAC, decorrer\u00e1 em Bona, Alemanha, de 13 a 19 de Fevereiro. Os interessados devem ter conhecimentos de ingl\u00eas e estar a par do Programa Juventude\/Ac\u00e7\u00e3o 5. Mais informa\u00e7\u00f5es: ipj.aveiro@ipj.pt ou telef. 234 403 100.<\/p>\n","protected":false},"excerpt":{"rendered":"<p>Para animadores juvenis com idade superior a 18 anos, est\u00e3o abertas as inscri\u00e7\u00f5es, at\u00e9 6 de Janeiro, para um curso de forma\u00e7\u00e3o para o desenvolvimento de actividades no \u00e2mbito do Programa Juventude, do IPJ \u2013 Instituto Portugu\u00eas da Juventude. A forma\u00e7\u00e3o, denominada TIC TAC, decorrer\u00e1 em Bona, Alemanha, de 13 a 19 de Fevereiro. Os [&hellip;]<\/p>\n","protected":false},"author":1,"featured_media":0,"comment_status":"open","ping_status":"open","sticky":false,"template":"","format":"standard","meta":{"footnotes":""},"categories":[45],"tags":[],"class_list":["post-6031","post","type-post","status-publish","format-standard","hentry","category-regioes"],"_links":{"self":[{"href":"https:\/\/sites.ecclesia.pt\/cv\/wp-json\/wp\/v2\/posts\/6031","targetHints":{"allow":["GET"]}}],"collection":[{"href":"https:\/\/sites.ecclesia.pt\/cv\/wp-json\/wp\/v2\/posts"}],"about":[{"href":"https:\/\/sites.ecclesia.pt\/cv\/wp-json\/wp\/v2\/types\/post"}],"author":[{"embeddable":true,"href":"https:\/\/sites.ecclesia.pt\/cv\/wp-json\/wp\/v2\/users\/1"}],"replies":[{"embeddable":true,"href":"https:\/\/sites.ecclesia.pt\/cv\/wp-json\/wp\/v2\/comments?post=6031"}],"version-history":[{"count":0,"href":"https:\/\/sites.ecclesia.pt\/cv\/wp-json\/wp\/v2\/posts\/6031\/revisions"}],"wp:attachment":[{"href":"https:\/\/sites.ecclesia.pt\/cv\/wp-json\/wp\/v2\/media?parent=6031"}],"wp:term":[{"taxonomy":"category","embeddable":true,"href":"https:\/\/sites.ecclesia.pt\/cv\/wp-json\/wp\/v2\/categories?post=6031"},{"taxonomy":"post_tag","embeddable":true,"href":"https:\/\/sites.ecclesia.pt\/cv\/wp-json\/wp\/v2\/tags?post=6031"}],"curies":[{"name":"wp","href":"https:\/\/api.w.org\/{rel}","templated":true}]}}