{"id":6032,"date":"2006-04-03T14:44:00","date_gmt":"2006-04-03T14:44:00","guid":{"rendered":"http:\/\/localhost:81\/wp1\/?p=6032"},"modified":"2006-04-03T14:44:00","modified_gmt":"2006-04-03T14:44:00","slug":"terra-a-vista-2","status":"publish","type":"post","link":"https:\/\/sites.ecclesia.pt\/cv\/terra-a-vista-2\/","title":{"rendered":"&#8220;Terra \u00e0 vista&#8221;"},"content":{"rendered":"<p>\u00cdlhavo <!--more--> \u201cTerra \u00e0 vista\u201d \u00e9 o t\u00edtulo de uma exposi\u00e7\u00e3o de fotografias, a preto e branco, de tem\u00e1tica mar\u00edtima, da autoria de Casimiro Mada\u00edl, que est\u00e1 patente ao p\u00fablico, at\u00e9 ao dia 15 de Janeiro de 2006, no Museu Mar\u00edtimo de \u00cdlhavo.<\/p>\n<p>Nascido no Bonsucesso (Aveiro), mas residente na cidade de \u00cdlhavo h\u00e1 cerca de trinta anos, Casimiro Mada\u00edl \u00e9 um fot\u00f3grafo amador que arrebatou in\u00fameros pr\u00e9mios e participou em v\u00e1rias exposi\u00e7\u00f5es, tanto colectivas como individuais, realizadas um pouco por todo o pa\u00eds.<\/p>\n","protected":false},"excerpt":{"rendered":"<p>\u00cdlhavo<\/p>\n","protected":false},"author":1,"featured_media":0,"comment_status":"open","ping_status":"open","sticky":false,"template":"","format":"standard","meta":{"footnotes":""},"categories":[45],"tags":[],"class_list":["post-6032","post","type-post","status-publish","format-standard","hentry","category-regioes"],"_links":{"self":[{"href":"https:\/\/sites.ecclesia.pt\/cv\/wp-json\/wp\/v2\/posts\/6032","targetHints":{"allow":["GET"]}}],"collection":[{"href":"https:\/\/sites.ecclesia.pt\/cv\/wp-json\/wp\/v2\/posts"}],"about":[{"href":"https:\/\/sites.ecclesia.pt\/cv\/wp-json\/wp\/v2\/types\/post"}],"author":[{"embeddable":true,"href":"https:\/\/sites.ecclesia.pt\/cv\/wp-json\/wp\/v2\/users\/1"}],"replies":[{"embeddable":true,"href":"https:\/\/sites.ecclesia.pt\/cv\/wp-json\/wp\/v2\/comments?post=6032"}],"version-history":[{"count":0,"href":"https:\/\/sites.ecclesia.pt\/cv\/wp-json\/wp\/v2\/posts\/6032\/revisions"}],"wp:attachment":[{"href":"https:\/\/sites.ecclesia.pt\/cv\/wp-json\/wp\/v2\/media?parent=6032"}],"wp:term":[{"taxonomy":"category","embeddable":true,"href":"https:\/\/sites.ecclesia.pt\/cv\/wp-json\/wp\/v2\/categories?post=6032"},{"taxonomy":"post_tag","embeddable":true,"href":"https:\/\/sites.ecclesia.pt\/cv\/wp-json\/wp\/v2\/tags?post=6032"}],"curies":[{"name":"wp","href":"https:\/\/api.w.org\/{rel}","templated":true}]}}