{"id":6033,"date":"2006-04-03T14:44:00","date_gmt":"2006-04-03T14:44:00","guid":{"rendered":"http:\/\/localhost:81\/wp1\/?p=6033"},"modified":"2006-04-03T14:44:00","modified_gmt":"2006-04-03T14:44:00","slug":"conservacao-e-engarrafamento-de-vinhos","status":"publish","type":"post","link":"https:\/\/sites.ecclesia.pt\/cv\/conservacao-e-engarrafamento-de-vinhos\/","title":{"rendered":"Conserva\u00e7\u00e3o e engarrafamento de vinhos"},"content":{"rendered":"<p>Anadia <!--more--> Na Esta\u00e7\u00e3o Vitivin\u00edcola da Bairrada, em Anadia, est\u00e1 a decorrer, durante a presente semana (at\u00e9 ao dia 6 de Janeiro), o 48\u00ba Curso Intensivo de Conserva\u00e7\u00e3o, Estabiliza\u00e7\u00e3o e Engarrafamento de Vinhos, numa iniciativa da Direc\u00e7\u00e3o Regional de Agricultura da Beira Litoral.<\/p>\n<p>O curso integra palestras te\u00f3ricas e ac\u00e7\u00f5es pr\u00e1ticas de laborat\u00f3rio e de adega.<\/p>\n","protected":false},"excerpt":{"rendered":"<p>Anadia<\/p>\n","protected":false},"author":1,"featured_media":0,"comment_status":"open","ping_status":"open","sticky":false,"template":"","format":"standard","meta":{"footnotes":""},"categories":[45],"tags":[],"class_list":["post-6033","post","type-post","status-publish","format-standard","hentry","category-regioes"],"_links":{"self":[{"href":"https:\/\/sites.ecclesia.pt\/cv\/wp-json\/wp\/v2\/posts\/6033","targetHints":{"allow":["GET"]}}],"collection":[{"href":"https:\/\/sites.ecclesia.pt\/cv\/wp-json\/wp\/v2\/posts"}],"about":[{"href":"https:\/\/sites.ecclesia.pt\/cv\/wp-json\/wp\/v2\/types\/post"}],"author":[{"embeddable":true,"href":"https:\/\/sites.ecclesia.pt\/cv\/wp-json\/wp\/v2\/users\/1"}],"replies":[{"embeddable":true,"href":"https:\/\/sites.ecclesia.pt\/cv\/wp-json\/wp\/v2\/comments?post=6033"}],"version-history":[{"count":0,"href":"https:\/\/sites.ecclesia.pt\/cv\/wp-json\/wp\/v2\/posts\/6033\/revisions"}],"wp:attachment":[{"href":"https:\/\/sites.ecclesia.pt\/cv\/wp-json\/wp\/v2\/media?parent=6033"}],"wp:term":[{"taxonomy":"category","embeddable":true,"href":"https:\/\/sites.ecclesia.pt\/cv\/wp-json\/wp\/v2\/categories?post=6033"},{"taxonomy":"post_tag","embeddable":true,"href":"https:\/\/sites.ecclesia.pt\/cv\/wp-json\/wp\/v2\/tags?post=6033"}],"curies":[{"name":"wp","href":"https:\/\/api.w.org\/{rel}","templated":true}]}}