{"id":6034,"date":"2006-04-03T14:44:00","date_gmt":"2006-04-03T14:44:00","guid":{"rendered":"http:\/\/localhost:81\/wp1\/?p=6034"},"modified":"2006-04-03T14:44:00","modified_gmt":"2006-04-03T14:44:00","slug":"assembleia-discute-mercado","status":"publish","type":"post","link":"https:\/\/sites.ecclesia.pt\/cv\/assembleia-discute-mercado\/","title":{"rendered":"Assembleia discute Mercado"},"content":{"rendered":"<p>Gafanha da Nazar\u00e9 <!--more--> O novo Mercado Municipal da Gafanha da Nazar\u00e9, inaugurado oficialmente no dia 25 de Setembro, mas que s\u00f3 dever\u00e1 abrir as suas portas ao p\u00fablico no dia 25 de Fevereiro, estar\u00e1 no centro da agenda da reuni\u00e3o extraordin\u00e1ria da Assembleia Municipal de \u00cdlhavo, que ir\u00e1 decorrer no dia 6 de Janeiro, pelas 21 horas, no Sal\u00e3o Nobre dos Pa\u00e7os do Munic\u00edpio, em \u00cdlhavo.<\/p>\n<p>Em debate estar\u00e1 a discuss\u00e3o e vota\u00e7\u00e3o do Regulamento do Mercado Municipal da Gafanha da Nazar\u00e9, bem como a respectiva tabela de taxas. Igualmente ser\u00e1 discutido e votado o Protocolo entre o Munic\u00edpio de \u00cdlhavo e a Junta de Freguesia da Gafanha da Nazar\u00e9 para a gest\u00e3o do referido mercado municipal.<\/p>\n","protected":false},"excerpt":{"rendered":"<p>Gafanha da Nazar\u00e9<\/p>\n","protected":false},"author":1,"featured_media":0,"comment_status":"open","ping_status":"open","sticky":false,"template":"","format":"standard","meta":{"footnotes":""},"categories":[45],"tags":[],"class_list":["post-6034","post","type-post","status-publish","format-standard","hentry","category-regioes"],"_links":{"self":[{"href":"https:\/\/sites.ecclesia.pt\/cv\/wp-json\/wp\/v2\/posts\/6034","targetHints":{"allow":["GET"]}}],"collection":[{"href":"https:\/\/sites.ecclesia.pt\/cv\/wp-json\/wp\/v2\/posts"}],"about":[{"href":"https:\/\/sites.ecclesia.pt\/cv\/wp-json\/wp\/v2\/types\/post"}],"author":[{"embeddable":true,"href":"https:\/\/sites.ecclesia.pt\/cv\/wp-json\/wp\/v2\/users\/1"}],"replies":[{"embeddable":true,"href":"https:\/\/sites.ecclesia.pt\/cv\/wp-json\/wp\/v2\/comments?post=6034"}],"version-history":[{"count":0,"href":"https:\/\/sites.ecclesia.pt\/cv\/wp-json\/wp\/v2\/posts\/6034\/revisions"}],"wp:attachment":[{"href":"https:\/\/sites.ecclesia.pt\/cv\/wp-json\/wp\/v2\/media?parent=6034"}],"wp:term":[{"taxonomy":"category","embeddable":true,"href":"https:\/\/sites.ecclesia.pt\/cv\/wp-json\/wp\/v2\/categories?post=6034"},{"taxonomy":"post_tag","embeddable":true,"href":"https:\/\/sites.ecclesia.pt\/cv\/wp-json\/wp\/v2\/tags?post=6034"}],"curies":[{"name":"wp","href":"https:\/\/api.w.org\/{rel}","templated":true}]}}