{"id":6035,"date":"2006-04-03T14:44:00","date_gmt":"2006-04-03T14:44:00","guid":{"rendered":"http:\/\/localhost:81\/wp1\/?p=6035"},"modified":"2006-04-03T14:44:00","modified_gmt":"2006-04-03T14:44:00","slug":"estga-com-novo-director","status":"publish","type":"post","link":"https:\/\/sites.ecclesia.pt\/cv\/estga-com-novo-director\/","title":{"rendered":"ESTGA com novo director"},"content":{"rendered":"<p>\u00c1gueda <!--more--> A ESTGA \u2013 Escola Superior de Tecnologia e Gest\u00e3o de \u00c1gueda, institui\u00e7\u00e3o de ensino superior integrada na Universidade de Aveiro, tem como novo director o professor Jo\u00e3o Pedro Estima Oliveira, que substitui no cargo Edmundo Fonseca, professor que vai passar \u00e0 situa\u00e7\u00e3o de aposentado.<\/p>\n<p>A ESTGA atravessa uma \u201cfase decisiva\u201d no que se refere ao modelo organizacional e estatu\u00e1rio, motivo pelo que a reitora da Universidade de Aveiro, Maria Helena Nazar\u00e9, considera relevante que se \u201cacautele o regular e leg\u00edtimo funcionamento dos seus \u00f3rg\u00e3os, investindo-os na responsabilidade de levar a cabo a conforma\u00e7\u00e3o definitiva do seu modelo de desenvolvimento\u201d.<\/p>\n","protected":false},"excerpt":{"rendered":"<p>\u00c1gueda<\/p>\n","protected":false},"author":1,"featured_media":0,"comment_status":"open","ping_status":"open","sticky":false,"template":"","format":"standard","meta":{"footnotes":""},"categories":[45],"tags":[],"class_list":["post-6035","post","type-post","status-publish","format-standard","hentry","category-regioes"],"_links":{"self":[{"href":"https:\/\/sites.ecclesia.pt\/cv\/wp-json\/wp\/v2\/posts\/6035","targetHints":{"allow":["GET"]}}],"collection":[{"href":"https:\/\/sites.ecclesia.pt\/cv\/wp-json\/wp\/v2\/posts"}],"about":[{"href":"https:\/\/sites.ecclesia.pt\/cv\/wp-json\/wp\/v2\/types\/post"}],"author":[{"embeddable":true,"href":"https:\/\/sites.ecclesia.pt\/cv\/wp-json\/wp\/v2\/users\/1"}],"replies":[{"embeddable":true,"href":"https:\/\/sites.ecclesia.pt\/cv\/wp-json\/wp\/v2\/comments?post=6035"}],"version-history":[{"count":0,"href":"https:\/\/sites.ecclesia.pt\/cv\/wp-json\/wp\/v2\/posts\/6035\/revisions"}],"wp:attachment":[{"href":"https:\/\/sites.ecclesia.pt\/cv\/wp-json\/wp\/v2\/media?parent=6035"}],"wp:term":[{"taxonomy":"category","embeddable":true,"href":"https:\/\/sites.ecclesia.pt\/cv\/wp-json\/wp\/v2\/categories?post=6035"},{"taxonomy":"post_tag","embeddable":true,"href":"https:\/\/sites.ecclesia.pt\/cv\/wp-json\/wp\/v2\/tags?post=6035"}],"curies":[{"name":"wp","href":"https:\/\/api.w.org\/{rel}","templated":true}]}}