{"id":6036,"date":"2006-04-03T14:44:00","date_gmt":"2006-04-03T14:44:00","guid":{"rendered":"http:\/\/localhost:81\/wp1\/?p=6036"},"modified":"2006-04-03T14:44:00","modified_gmt":"2006-04-03T14:44:00","slug":"57-anos-da-declaracao-universal-dos-direitos-humanos-no-pais-do-bernardo-caixao","status":"publish","type":"post","link":"https:\/\/sites.ecclesia.pt\/cv\/57-anos-da-declaracao-universal-dos-direitos-humanos-no-pais-do-bernardo-caixao\/","title":{"rendered":"57 Anos da Declara\u00e7\u00e3o Universal dos Direitos Humanos&#8230; no pa\u00eds do Bernardo Caix\u00e3o"},"content":{"rendered":"<p>Direitos Humanos <!--more--> Quando esta cr\u00f3nica for partilhada com os leitores do Correio do Vouga, j\u00e1 ter\u00e3o passado as comemora\u00e7\u00f5es do 57\u00ba Anivers\u00e1rio da Declara\u00e7\u00e3o Universal dos Direitos Humanos. Por essa raz\u00e3o, j\u00e1 muito se ter\u00e1 falado sobre Direitos e Deveres da pessoa humana e sobre Fraternidade Universal&#8230;<\/p>\n<p>Ali\u00e1s, aqui mesmo no Brasil, j\u00e1 h\u00e1 v\u00e1rias semanas que muitas escolas v\u00eam preparan-do as suas actividades para o 10 de Dezembro. As criancinhas e os jovens preparam cartazes bonitos, algumas pe\u00e7as de teatro e at\u00e9 mesmo no Instituto de forma\u00e7\u00e3o de professores, onde lecciono, todos est\u00e3o atarefados com a ultima\u00e7\u00e3o de trabalhos acerca da efem\u00e9ride.<\/p>\n<p>Reflicto sobre a import\u00e2ncia deste dia e chego \u00e0 conclus\u00e3o de ainda estarmos no in\u00edcio de uma caminhada que, um dia, nos levar\u00e1 ao respeito pelos Direitos dos seres humanos. Mas, neste momento, esse objectivo ainda se encontra longe do nosso horizonte.<\/p>\n<p>Digo isto, a prop\u00f3sito da publica\u00e7\u00e3o do Relat\u00f3rio Direitos Humanos no Brasil 2005. Sou um homem de esperan\u00e7a, mas devo admitir que os dados apresentados s\u00e3o gritantes! Alguns exemplos ficam aqui, para que se entenda o que afirmo.<\/p>\n<p>As mortes por conflitos agr\u00e1rios aumentaram em 2005: s\u00f3 at\u00e9 Agosto, j\u00e1 tinham sido assassinadas 28 pessoas por quest\u00f5es fundi\u00e1rias, mais do que as 27 mortes registadas no ano anterior. A estes n\u00fameros h\u00e1 que acrescentar os dados da impunidade: em 30 anos, no Estado do Par\u00e1, vizinho ao Maranh\u00e3o, onde moro, 770 pessoas foram assassinadas em conflitos por terra. Por\u00e9m, somente em 3 (tr\u00eas!) casos os mandantes dos crimes foram levados \u00e0 barra dos tribunais!!!<\/p>\n<p>S\u00f3 neste ano de 2005 foram libertados mais de 3200 trabalhadores, encontrados a trabalhar em situa\u00e7\u00f5es de trabalho escravo ou an\u00e1logas ao trabalho escravo.<\/p>\n<p>Entre os povos ind\u00edgenas, h\u00e1 que destacar as quase 50 crian\u00e7as, com menos de 3 anos de idade, que morreram por desnutri\u00e7\u00e3o.<\/p>\n<p>A somar a tudo isto, nos casos de viol\u00eancia contra as mulheres, fica a estat\u00edstica: a cada 15 segundos, uma mulher \u00e9 espancada no Brasil, a cada 15 segundos outra \u00e9 for\u00e7ada a ter rela\u00e7\u00f5es sexuais contra a sua vontade e a cada 9 segundos outra \u00e9 assediada no seu lugar de trabalho&#8230;<\/p>\n<p>Ilustro estes meus pensamentos com alguns casos concretos de que vou tendo not\u00edcia.<\/p>\n<p>No m\u00eas passado, o mais cred\u00edvel jornal do Brasil \u2013 a Folha de S. Paulo \u2013 noticiava que uma idosa de 79 anos, h\u00e1 10 anos que est\u00e1 presa por ter roubado um shamp\u00f4o (sic). E nem o facto da senhora estar a morrer com cancro motivou qualquer tipo de indulto para o caso.<\/p>\n<p>Por oposi\u00e7\u00e3o, aqui no Estado do Maranh\u00e3o, numa pequena cidade deste Nordeste imenso, chamada Z\u00e9 Doca, um dos vereadores (corresponde ao nosso deputado na assembleia municipal) conseguiu incluir na Lei Org\u00e2nica do Munic\u00edpio (a \u201cConstui\u00e7\u00e3o\u201d do poder aut\u00e1rquico) que, nessa cidade, s\u00f3 poderia existir uma ag\u00eancia funer\u00e1ria, obrigatoriamente localizada do lado esquerdo da Estrada Nacional, no sentido Maranh\u00e3o-Par\u00e1. Deixo aos queridos leitores imaginar qual a actividade econ\u00f3mica do referido vereador, que \u00e9 conhecido como Bernardo Caix\u00e3o, e qual a localiza\u00e7\u00e3o da sua casa comercial, situada \u00e0 beira da estrada nacional BR-316&#8230;<\/p>\n<p>\u00c9 neste contexto que em 2005 vou fazer a comemora\u00e7\u00e3o de uma das efem\u00e9rides mais importantes, a meu ver, durante todo o ano.<\/p>\n<p>Termino, s\u00f3 com o desejo mais secreto de que o gradual fortalecimento dos movimentos sociais, nas suas revindica\u00e7\u00f5es por terra, educa\u00e7\u00e3o, sa\u00fade, trabalho, habita\u00e7\u00e3o e justi\u00e7a social, possa ser a luz ao fundo do t\u00fanel. Uma luz que nos permita vislumbrar, apesar de tudo, que o mundo mais fraterno e solid\u00e1rio, pelo qual tanto aspiramos, n\u00e3o esteja assim t\u00e3o distante.<\/p>\n","protected":false},"excerpt":{"rendered":"<p>Direitos Humanos<\/p>\n","protected":false},"author":1,"featured_media":0,"comment_status":"open","ping_status":"open","sticky":false,"template":"","format":"standard","meta":{"footnotes":""},"categories":[62],"tags":[],"class_list":["post-6036","post","type-post","status-publish","format-standard","hentry","category-opiniao"],"_links":{"self":[{"href":"https:\/\/sites.ecclesia.pt\/cv\/wp-json\/wp\/v2\/posts\/6036","targetHints":{"allow":["GET"]}}],"collection":[{"href":"https:\/\/sites.ecclesia.pt\/cv\/wp-json\/wp\/v2\/posts"}],"about":[{"href":"https:\/\/sites.ecclesia.pt\/cv\/wp-json\/wp\/v2\/types\/post"}],"author":[{"embeddable":true,"href":"https:\/\/sites.ecclesia.pt\/cv\/wp-json\/wp\/v2\/users\/1"}],"replies":[{"embeddable":true,"href":"https:\/\/sites.ecclesia.pt\/cv\/wp-json\/wp\/v2\/comments?post=6036"}],"version-history":[{"count":0,"href":"https:\/\/sites.ecclesia.pt\/cv\/wp-json\/wp\/v2\/posts\/6036\/revisions"}],"wp:attachment":[{"href":"https:\/\/sites.ecclesia.pt\/cv\/wp-json\/wp\/v2\/media?parent=6036"}],"wp:term":[{"taxonomy":"category","embeddable":true,"href":"https:\/\/sites.ecclesia.pt\/cv\/wp-json\/wp\/v2\/categories?post=6036"},{"taxonomy":"post_tag","embeddable":true,"href":"https:\/\/sites.ecclesia.pt\/cv\/wp-json\/wp\/v2\/tags?post=6036"}],"curies":[{"name":"wp","href":"https:\/\/api.w.org\/{rel}","templated":true}]}}