{"id":6037,"date":"2006-04-03T14:44:00","date_gmt":"2006-04-03T14:44:00","guid":{"rendered":"http:\/\/localhost:81\/wp1\/?p=6037"},"modified":"2006-04-03T14:44:00","modified_gmt":"2006-04-03T14:44:00","slug":"valores-e-atitudes-para-os-dias-mundiais","status":"publish","type":"post","link":"https:\/\/sites.ecclesia.pt\/cv\/valores-e-atitudes-para-os-dias-mundiais\/","title":{"rendered":"Valores e atitudes para os Dias Mundiais"},"content":{"rendered":"<p>Livro <!--more--> 1 de Janeiro \u00e9 Dia Mundial da Paz. 11 de Fevereiro \u00e9 Dia Mundial do Doente. 8 de Mar\u00e7o \u00e9 Dia Internacional da Mulher. 21 de Mar\u00e7o \u00e9 Dia Mundial da \u00c1rvore e da Floresta. 1 de Maio \u00e9 Dia Internacional do Trabalhador. Estes s\u00e3o alguns dos \u201cdias\u201d mais conhecidos. Outros h\u00e1 que v\u00e3o ganhando projec\u00e7\u00e3o, como o Dia Internacional para a Aboli\u00e7\u00e3o da Pena de Morte (1 de Mar\u00e7o), o do Teatro (26 de Mar\u00e7o), da Terra (22 de Abril), da Liberdade de Imprensa (3 de Maio), das Fam\u00edlias (15 de Maio), da Elimina\u00e7\u00e3o da Viol\u00eancia contras as Mulheres (25 de Novembro) ou da Luta Contra a SIDA (1 de Dezembro).<\/p>\n<p>Os Dias Mundiais e\/ou Internacionais permitem reflectir sobre quest\u00f5es importantes para a Humanidade. Da\u00ed que este conjunto de fichas sobre os Dias Mundiais se revele muito \u00fatil. Professores, animadores, ou simples curiosos encontram nesta obra informa\u00e7\u00e3o sobre valores e atitudes de cada Dia Mundial e\/ou Internacional. Um sen\u00e3o: trata-se de uma tradu\u00e7\u00e3o do espanhol. Em algumas fichas seria do mais elementar bom senso adaptar \u00e0 cultura portuguesa. <\/p>\n<p>A prop\u00f3sito do dia 23 de Abril, Dia Mundial do Livro e dos Direitos de Autor, n\u00e3o faltariam textos de escritores portugueses para citar.<\/p>\n<p>Dias Mundiais<\/p>\n<p>Jesus Arranz, Ana Maria Gil, Gloria P\u00e9rez de Alb\u00e9niz, Maria Del Mar P\u00e9rez<\/p>\n<p>Edi\u00e7\u00f5es Salesianas<\/p>\n<p>138 p\u00e1ginas<\/p>\n","protected":false},"excerpt":{"rendered":"<p>Livro<\/p>\n","protected":false},"author":1,"featured_media":0,"comment_status":"open","ping_status":"open","sticky":false,"template":"","format":"standard","meta":{"footnotes":""},"categories":[66],"tags":[],"class_list":["post-6037","post","type-post","status-publish","format-standard","hentry","category-cultura"],"_links":{"self":[{"href":"https:\/\/sites.ecclesia.pt\/cv\/wp-json\/wp\/v2\/posts\/6037","targetHints":{"allow":["GET"]}}],"collection":[{"href":"https:\/\/sites.ecclesia.pt\/cv\/wp-json\/wp\/v2\/posts"}],"about":[{"href":"https:\/\/sites.ecclesia.pt\/cv\/wp-json\/wp\/v2\/types\/post"}],"author":[{"embeddable":true,"href":"https:\/\/sites.ecclesia.pt\/cv\/wp-json\/wp\/v2\/users\/1"}],"replies":[{"embeddable":true,"href":"https:\/\/sites.ecclesia.pt\/cv\/wp-json\/wp\/v2\/comments?post=6037"}],"version-history":[{"count":0,"href":"https:\/\/sites.ecclesia.pt\/cv\/wp-json\/wp\/v2\/posts\/6037\/revisions"}],"wp:attachment":[{"href":"https:\/\/sites.ecclesia.pt\/cv\/wp-json\/wp\/v2\/media?parent=6037"}],"wp:term":[{"taxonomy":"category","embeddable":true,"href":"https:\/\/sites.ecclesia.pt\/cv\/wp-json\/wp\/v2\/categories?post=6037"},{"taxonomy":"post_tag","embeddable":true,"href":"https:\/\/sites.ecclesia.pt\/cv\/wp-json\/wp\/v2\/tags?post=6037"}],"curies":[{"name":"wp","href":"https:\/\/api.w.org\/{rel}","templated":true}]}}