{"id":6038,"date":"2006-04-03T14:44:00","date_gmt":"2006-04-03T14:44:00","guid":{"rendered":"http:\/\/localhost:81\/wp1\/?p=6038"},"modified":"2006-04-03T14:44:00","modified_gmt":"2006-04-03T14:44:00","slug":"arte-publica-de-joao-cutileiro","status":"publish","type":"post","link":"https:\/\/sites.ecclesia.pt\/cv\/arte-publica-de-joao-cutileiro\/","title":{"rendered":"Arte p\u00fablica de Jo\u00e3o Cutileiro"},"content":{"rendered":"<p>Patente na Universidade de Aveiro <!--more--> \u201cPedras na Pra\u00e7a \u2013 Arte P\u00fablica\u201d \u00e9 o t\u00edtulo de uma exposi\u00e7\u00e3o, patente ao p\u00fablico nos edif\u00edcios da Reitoria e da Sec\u00e7\u00e3o Aut\u00f3noma de Engenharia Civil da Universidade de Aveiro, at\u00e9 finais de Janeiro de 2006, que apresenta maquetas e fotografias de monumentos concebidos pelo escultor Jo\u00e3o Cutileiro.<\/p>\n<p>A exposi\u00e7\u00e3o, que resulta de uma parceria entre a Universidade de Aveiro e o Museu Municipal de Arqueologia de Silves (Algarve), d\u00e1 a conhecer quinze monumentos p\u00fablicos projectados por Jo\u00e3o Cutileiro, atrav\u00e9s das respectivas maquetas e \u201cmem\u00f3rias descritivas\u201d e ainda de fotos de grandes dimens\u00f5es que ilustram a evolu\u00e7\u00e3o desses monumentos. <\/p>\n<p>Jo\u00e3o Cutileiro \u00e9, no dizer de Maria Isabel Fernandes da Silva Soares, presidente da C\u00e2mara Municipal de Silves, \u201co grande respons\u00e1vel pela grande viragem da escultura portuguesa nos anos 80 e pela ruptura com a estatu\u00e1ria oficial, fazendo-a evoluir do classicismo estilizado para uma nova era completamente liberta da iconografia vigente\u201d.<\/p>\n<p>Esta exposi\u00e7\u00e3o, comissariada por Concei\u00e7\u00e3o Amaral e Joaquim de Oliveira Caetano, mostra \u201ccomo a arte p\u00fablica interv\u00e9m na cidade e no seu conjunto envolvente sob perspectivas culturais, pol\u00edticas, sociais e c\u00edvicas, e como est\u00e1, em boa parte, nas m\u00e3os do artista transformar essa arte pol\u00edtica numa afirma\u00e7\u00e3o do universo art\u00edstico e c\u00edvico\u201d; por isso, a autarca algarvia considera que \u201cas esculturas que Jo\u00e3o Cutileiro cria para os espa\u00e7os p\u00fablicos s\u00e3o a express\u00e3o exacta dessa transforma\u00e7\u00e3o, fazendo entrar na arte monumental \u201cin situ\u201d, experi\u00eancias art\u00edsticas que renovam e reescrevem a hist\u00f3ria de alguns lugares da nossa pr\u00f3pria Hist\u00f3ria\u201d.<\/p>\n","protected":false},"excerpt":{"rendered":"<p>Patente na Universidade de Aveiro<\/p>\n","protected":false},"author":1,"featured_media":0,"comment_status":"open","ping_status":"open","sticky":false,"template":"","format":"standard","meta":{"footnotes":""},"categories":[66],"tags":[],"class_list":["post-6038","post","type-post","status-publish","format-standard","hentry","category-cultura"],"_links":{"self":[{"href":"https:\/\/sites.ecclesia.pt\/cv\/wp-json\/wp\/v2\/posts\/6038","targetHints":{"allow":["GET"]}}],"collection":[{"href":"https:\/\/sites.ecclesia.pt\/cv\/wp-json\/wp\/v2\/posts"}],"about":[{"href":"https:\/\/sites.ecclesia.pt\/cv\/wp-json\/wp\/v2\/types\/post"}],"author":[{"embeddable":true,"href":"https:\/\/sites.ecclesia.pt\/cv\/wp-json\/wp\/v2\/users\/1"}],"replies":[{"embeddable":true,"href":"https:\/\/sites.ecclesia.pt\/cv\/wp-json\/wp\/v2\/comments?post=6038"}],"version-history":[{"count":0,"href":"https:\/\/sites.ecclesia.pt\/cv\/wp-json\/wp\/v2\/posts\/6038\/revisions"}],"wp:attachment":[{"href":"https:\/\/sites.ecclesia.pt\/cv\/wp-json\/wp\/v2\/media?parent=6038"}],"wp:term":[{"taxonomy":"category","embeddable":true,"href":"https:\/\/sites.ecclesia.pt\/cv\/wp-json\/wp\/v2\/categories?post=6038"},{"taxonomy":"post_tag","embeddable":true,"href":"https:\/\/sites.ecclesia.pt\/cv\/wp-json\/wp\/v2\/tags?post=6038"}],"curies":[{"name":"wp","href":"https:\/\/api.w.org\/{rel}","templated":true}]}}