{"id":6039,"date":"2006-04-03T14:44:00","date_gmt":"2006-04-03T14:44:00","guid":{"rendered":"http:\/\/localhost:81\/wp1\/?p=6039"},"modified":"2006-04-03T14:44:00","modified_gmt":"2006-04-03T14:44:00","slug":"romeu-e-julieta-no-teatro-aveirense","status":"publish","type":"post","link":"https:\/\/sites.ecclesia.pt\/cv\/romeu-e-julieta-no-teatro-aveirense\/","title":{"rendered":"&#8220;Romeu e Julieta&#8221; no Teatro Aveirense"},"content":{"rendered":"<p>O Teatro Aveirense recebe, nos dias 13 de 14 de Janeiro, a mais famosa hist\u00f3ria de amor de todos os tempos, \u201cRomeu e Julieta\u201d, de William Shakespeare.<\/p>\n<p>Obra prima de dimens\u00e3o universal, a pe\u00e7a d\u00e1-nos conta da ang\u00fastia e prazer, agress\u00e3o e paix\u00e3o, vida e morte, de dois jovens apaixonados, oriundos de fam\u00edlias que se odeiam, os Mont\u00e9quios e os Capuletos.<\/p>\n<p>Sob encena\u00e7\u00e3o de John Retallack, o elenco \u00e9 constitu\u00eddo por figuras que nos habitu\u00e1mos a ver na televis\u00e3o, como Andr\u00e9 Gago, Carla Chambel, Jo\u00e3o Lagarto ou Diogo Infante.<\/p>\n<p>Teatro Aveirense, Sala Principal, 13 e 14 de Janeiro, 21h30. Entrada: de 5 (2\u00ba balc\u00e3o) a 15 euros (plateia).<\/p>\n","protected":false},"excerpt":{"rendered":"<p>O Teatro Aveirense recebe, nos dias 13 de 14 de Janeiro, a mais famosa hist\u00f3ria de amor de todos os tempos, \u201cRomeu e Julieta\u201d, de William Shakespeare. Obra prima de dimens\u00e3o universal, a pe\u00e7a d\u00e1-nos conta da ang\u00fastia e prazer, agress\u00e3o e paix\u00e3o, vida e morte, de dois jovens apaixonados, oriundos de fam\u00edlias que se [&hellip;]<\/p>\n","protected":false},"author":1,"featured_media":0,"comment_status":"open","ping_status":"open","sticky":false,"template":"","format":"standard","meta":{"footnotes":""},"categories":[66],"tags":[],"class_list":["post-6039","post","type-post","status-publish","format-standard","hentry","category-cultura"],"_links":{"self":[{"href":"https:\/\/sites.ecclesia.pt\/cv\/wp-json\/wp\/v2\/posts\/6039","targetHints":{"allow":["GET"]}}],"collection":[{"href":"https:\/\/sites.ecclesia.pt\/cv\/wp-json\/wp\/v2\/posts"}],"about":[{"href":"https:\/\/sites.ecclesia.pt\/cv\/wp-json\/wp\/v2\/types\/post"}],"author":[{"embeddable":true,"href":"https:\/\/sites.ecclesia.pt\/cv\/wp-json\/wp\/v2\/users\/1"}],"replies":[{"embeddable":true,"href":"https:\/\/sites.ecclesia.pt\/cv\/wp-json\/wp\/v2\/comments?post=6039"}],"version-history":[{"count":0,"href":"https:\/\/sites.ecclesia.pt\/cv\/wp-json\/wp\/v2\/posts\/6039\/revisions"}],"wp:attachment":[{"href":"https:\/\/sites.ecclesia.pt\/cv\/wp-json\/wp\/v2\/media?parent=6039"}],"wp:term":[{"taxonomy":"category","embeddable":true,"href":"https:\/\/sites.ecclesia.pt\/cv\/wp-json\/wp\/v2\/categories?post=6039"},{"taxonomy":"post_tag","embeddable":true,"href":"https:\/\/sites.ecclesia.pt\/cv\/wp-json\/wp\/v2\/tags?post=6039"}],"curies":[{"name":"wp","href":"https:\/\/api.w.org\/{rel}","templated":true}]}}