{"id":6040,"date":"2006-04-03T14:44:00","date_gmt":"2006-04-03T14:44:00","guid":{"rendered":"http:\/\/localhost:81\/wp1\/?p=6040"},"modified":"2006-04-03T14:44:00","modified_gmt":"2006-04-03T14:44:00","slug":"concerto-de-reis-em-estarreja","status":"publish","type":"post","link":"https:\/\/sites.ecclesia.pt\/cv\/concerto-de-reis-em-estarreja\/","title":{"rendered":"Concerto de Reis em Estarreja"},"content":{"rendered":"<p>No s\u00e1bado, 7 de Janeiro, a Orquestra Cl\u00e1ssica de Espinho apresenta-se no Cineteatro de Estarreja, para interpretar \u201cValsas, Polkas e Marchas \u2013 Fam\u00edlia de Johann Strauss\u201d, em Concerto de Reis.<\/p>\n<p>A Orquestra Cl\u00e1ssica de Espinho (OCE) \u00e9 constitu\u00edda maioritariamente por alunos e ex-alunos da Escola Profissional de M\u00fasica de Espinho (EMPE). Neste espect\u00e1culo, a OCE ser\u00e1 conduzida pelo maestro Ces\u00e1rio Costa.<\/p>\n<p>Cineteatro de Estarreja, 7 de Janeiro, 21h30. Entrada: 2,5 euros.<\/p>\n","protected":false},"excerpt":{"rendered":"<p>No s\u00e1bado, 7 de Janeiro, a Orquestra Cl\u00e1ssica de Espinho apresenta-se no Cineteatro de Estarreja, para interpretar \u201cValsas, Polkas e Marchas \u2013 Fam\u00edlia de Johann Strauss\u201d, em Concerto de Reis. A Orquestra Cl\u00e1ssica de Espinho (OCE) \u00e9 constitu\u00edda maioritariamente por alunos e ex-alunos da Escola Profissional de M\u00fasica de Espinho (EMPE). Neste espect\u00e1culo, a OCE [&hellip;]<\/p>\n","protected":false},"author":1,"featured_media":0,"comment_status":"open","ping_status":"open","sticky":false,"template":"","format":"standard","meta":{"footnotes":""},"categories":[66],"tags":[],"class_list":["post-6040","post","type-post","status-publish","format-standard","hentry","category-cultura"],"_links":{"self":[{"href":"https:\/\/sites.ecclesia.pt\/cv\/wp-json\/wp\/v2\/posts\/6040","targetHints":{"allow":["GET"]}}],"collection":[{"href":"https:\/\/sites.ecclesia.pt\/cv\/wp-json\/wp\/v2\/posts"}],"about":[{"href":"https:\/\/sites.ecclesia.pt\/cv\/wp-json\/wp\/v2\/types\/post"}],"author":[{"embeddable":true,"href":"https:\/\/sites.ecclesia.pt\/cv\/wp-json\/wp\/v2\/users\/1"}],"replies":[{"embeddable":true,"href":"https:\/\/sites.ecclesia.pt\/cv\/wp-json\/wp\/v2\/comments?post=6040"}],"version-history":[{"count":0,"href":"https:\/\/sites.ecclesia.pt\/cv\/wp-json\/wp\/v2\/posts\/6040\/revisions"}],"wp:attachment":[{"href":"https:\/\/sites.ecclesia.pt\/cv\/wp-json\/wp\/v2\/media?parent=6040"}],"wp:term":[{"taxonomy":"category","embeddable":true,"href":"https:\/\/sites.ecclesia.pt\/cv\/wp-json\/wp\/v2\/categories?post=6040"},{"taxonomy":"post_tag","embeddable":true,"href":"https:\/\/sites.ecclesia.pt\/cv\/wp-json\/wp\/v2\/tags?post=6040"}],"curies":[{"name":"wp","href":"https:\/\/api.w.org\/{rel}","templated":true}]}}