{"id":6041,"date":"2006-04-03T14:44:00","date_gmt":"2006-04-03T14:44:00","guid":{"rendered":"http:\/\/localhost:81\/wp1\/?p=6041"},"modified":"2006-04-03T14:44:00","modified_gmt":"2006-04-03T14:44:00","slug":"explorar-sentidos-na-fabrica-ciencia-viva","status":"publish","type":"post","link":"https:\/\/sites.ecclesia.pt\/cv\/explorar-sentidos-na-fabrica-ciencia-viva\/","title":{"rendered":"Explorar sentidos na F\u00e1brica Ci\u00eancia Viva"},"content":{"rendered":"<p>Visitar a F\u00e1brica Ci\u00eancia Viva \u00e9 sempre uma oportunidade de grandes descobertas. At\u00e9 8 de Janeiro, a F\u00e1brica apresenta \u201cSentir.Com\u201d, uma exposi\u00e7\u00e3o que prop\u00f5e desafios como: simular os mecanismos da audi\u00e7\u00e3o e da vis\u00e3o, tactear sem ver, exercitar o olfacto e colocar o gosto \u00e0 prova. Outra das exposi\u00e7\u00f5es em destaque \u00e9 \u201cJogos do Mundo\u201d, composta por 30 jogos de tabuleiro que, h\u00e1 s\u00e9culos ou mesmo mil\u00e9nios, v\u00eam fascinando os mais diversos povos e culturas em todos os continentes. Esta exposi\u00e7\u00e3o pode ser vista at\u00e9 5 de Mar\u00e7o.<\/p>\n<p>A F\u00e1brica Ci\u00eancia Viva est\u00e1 aberta de ter\u00e7a a sexta-feira, das 10h \u00e0s 18h, e s\u00e1bados, domingos e feriados, das 11h \u00e0s 19h.<\/p>\n","protected":false},"excerpt":{"rendered":"<p>Visitar a F\u00e1brica Ci\u00eancia Viva \u00e9 sempre uma oportunidade de grandes descobertas. At\u00e9 8 de Janeiro, a F\u00e1brica apresenta \u201cSentir.Com\u201d, uma exposi\u00e7\u00e3o que prop\u00f5e desafios como: simular os mecanismos da audi\u00e7\u00e3o e da vis\u00e3o, tactear sem ver, exercitar o olfacto e colocar o gosto \u00e0 prova. Outra das exposi\u00e7\u00f5es em destaque \u00e9 \u201cJogos do Mundo\u201d, [&hellip;]<\/p>\n","protected":false},"author":1,"featured_media":0,"comment_status":"open","ping_status":"open","sticky":false,"template":"","format":"standard","meta":{"footnotes":""},"categories":[66],"tags":[],"class_list":["post-6041","post","type-post","status-publish","format-standard","hentry","category-cultura"],"_links":{"self":[{"href":"https:\/\/sites.ecclesia.pt\/cv\/wp-json\/wp\/v2\/posts\/6041","targetHints":{"allow":["GET"]}}],"collection":[{"href":"https:\/\/sites.ecclesia.pt\/cv\/wp-json\/wp\/v2\/posts"}],"about":[{"href":"https:\/\/sites.ecclesia.pt\/cv\/wp-json\/wp\/v2\/types\/post"}],"author":[{"embeddable":true,"href":"https:\/\/sites.ecclesia.pt\/cv\/wp-json\/wp\/v2\/users\/1"}],"replies":[{"embeddable":true,"href":"https:\/\/sites.ecclesia.pt\/cv\/wp-json\/wp\/v2\/comments?post=6041"}],"version-history":[{"count":0,"href":"https:\/\/sites.ecclesia.pt\/cv\/wp-json\/wp\/v2\/posts\/6041\/revisions"}],"wp:attachment":[{"href":"https:\/\/sites.ecclesia.pt\/cv\/wp-json\/wp\/v2\/media?parent=6041"}],"wp:term":[{"taxonomy":"category","embeddable":true,"href":"https:\/\/sites.ecclesia.pt\/cv\/wp-json\/wp\/v2\/categories?post=6041"},{"taxonomy":"post_tag","embeddable":true,"href":"https:\/\/sites.ecclesia.pt\/cv\/wp-json\/wp\/v2\/tags?post=6041"}],"curies":[{"name":"wp","href":"https:\/\/api.w.org\/{rel}","templated":true}]}}