{"id":6051,"date":"2006-04-03T14:44:00","date_gmt":"2006-04-03T14:44:00","guid":{"rendered":"http:\/\/localhost:81\/wp1\/?p=6051"},"modified":"2006-04-03T14:44:00","modified_gmt":"2006-04-03T14:44:00","slug":"faz-te-ao-largo","status":"publish","type":"post","link":"https:\/\/sites.ecclesia.pt\/cv\/faz-te-ao-largo\/","title":{"rendered":"&#8220;Faz-te ao Largo&#8221;"},"content":{"rendered":"<p>Confer\u00eancia Internacional Cat\u00f3lica do Escutismo &#8211; Campo de Pedras Vivas\/Living Stones <!--more--> Realizou-se, de 27 de Dezembro de 2005 a 1 de Janeiro de 2006, em Aveiro &#8211; Portugal, a terceira edi\u00e7\u00e3o do campo \u201cPedras Vivas\/Living Stones\u201d, para Chefes, at\u00e9 aos 30 anos de idade, das associa\u00e7\u00f5es membro da Confer\u00eancia Internacional Cat\u00f3lica do Escutismo \u2013 Regi\u00e3o Europa\/Mediterr\u00e2neo (CICE).<\/p>\n<p>Com o tema geral \u201cFaz-te ao largo\u201d, fizeram parte dos trabalhos deste campo v\u00e1rias din\u00e2micas e abordagens, que pretenderam reflectir, partilhar e aprofundar o significado dos compromissos crist\u00e3os dos dirigentes. Para al\u00e9m disso, o campo procurou aliar a vida dos grupos, tendo presentes as v\u00e1rias experi\u00eancias e a aplica\u00e7\u00e3o do sistema de patrulhas, e colocando em comum, numa vis\u00e3o alargada do entendimento, as dimens\u00f5es de responsabilidade, progresso e contacto com a natureza.<\/p>\n<p>O campo \u201cPedras Vivas\u201d, que decorreu na sua maioria na cidade de Aveiro, teve ainda a oportunidade de calcorrear um pouco a Serra da Freita (Arouca), proporcionando uma liga\u00e7\u00e3o simb\u00f3lica \u00e0s pedras parideiras, no Lugar da Castanheira; e outra incurs\u00e3o: atravessar a Ria de Aveiro de lancha, at\u00e9 \u00e0s Dunas e reserva natural da Mata de S. Jacinto. Em ambas as viagens e ao longo de todo o encontro, houve uma forte aproxima\u00e7\u00e3o ao tema de campo, que visava proporcionar aos participantes um tempo de recolhimento individual, enriquecimento acerca do valor da ora\u00e7\u00e3o e prece comunit\u00e1ria com os outros. Nessa linha, destacou-se presen\u00e7a do Bispo de Aveiro, D. Ant\u00f3nio Marcelino, numa ora\u00e7\u00e3o da tarde conjunta, onde esteve e conversou com os participantes.<\/p>\n<p>Estiveram presentes 18 participantes vindos de It\u00e1lia, Fran\u00e7a, Eslov\u00e9nia, Rep\u00fablica Checa, L\u00edbano, S\u00edria, Jord\u00e2nia, B\u00e9lgica e Portugal. Os dirigentes Mafalda Rosa e Domingos Braz\u00e3o, da regi\u00e3o de \u00c9vora, foram os portugueses presentes no Campo.<\/p>\n<p>A actividade foi ainda um espa\u00e7o para colocar em comum problemas e viv\u00eancias sobre a vida espiritual das pessoas e dos grupos, partindo da vida concreta de cada um dos participantes. Esteve ainda em debate a aplica\u00e7\u00e3o do p\u00f3lo educativo da F\u00e9, sobretudo na matriz cat\u00f3lica de algumas das associa\u00e7\u00f5es presentes, e nas formas de tornar essa dimens\u00e3o mais operativa na vida das associa\u00e7\u00f5es. O campo teve tamb\u00e9m um tempo de servi\u00e7o prestado pelos participantes, no \u00e2mbito da interac\u00e7\u00e3o e trabalho com os mais carenciados \u2013 nessa linha estiveram integrados no voluntariado de servi\u00e7o de apoio domicili\u00e1rio, feito a algumas fam\u00edlias das zonas perif\u00e9ricas do concelho de Aveiro.<\/p>\n<p>Houve ainda tempo para conhecer culturalmente cada um dos pa\u00edses de onde eram origin\u00e1rios os participantes, bem como aprofun-dar o conhecimento de Portugal atrav\u00e9s das cidades de Aveiro e \u00cdlhavo, sua hist\u00f3ria, seu patrim\u00f3nio e sua gastronomia \u2013 foram visitados de forma particular, o navio-museu S.to Andr\u00e9, estacionado na zona portu\u00e1ria do concelho de \u00cdlhavo (Gafanha da Nazar\u00e9) e o Museu\/Convento de Aveiro, j\u00f3ia do patrim\u00f3nio desta cidade.<\/p>\n<p>Dirigiu o campo Helene Lacroix (Fran\u00e7a), tendo como adjuntos Pedro Duarte Silva (Portugal) e Filipo Guiglia (It\u00e1lia), sendo o assistente espiritual o Padre Jean Luc Depaive (B\u00e9lgica). A equipa de programa local, que dava apoio \u00e0 organiza\u00e7\u00e3o, era constitu\u00edda por Jo\u00e3o Vilarinho, Andr\u00e9 Carvalho, Marta Domingues, Liliana Salmim e Padre Manuel Augusto Oliveira, das regi\u00f5es de Aveiro e Leiria, tendo j\u00e1 participado todos nas duas anteriores edi\u00e7\u00f5es do campo.<\/p>\n<p>A actividade contou com a colabora\u00e7\u00e3o do Semin\u00e1rio de Santa Joana Princesa, da diocese de Aveiro, das C\u00e2maras Municipais de Aveiro e de \u00cdlhavo, das par\u00f3quias de Eirol e de Nossa Senhora de F\u00e1tima, localidades vizinhas de Aveiro, e dos seus Centros Sociais Paroquiais, e, por fim, das Juntas Regional de Aveiro e Central do Corpo Nacional de Escutas (CNE).<\/p>\n<p>As duas primeiras edi\u00e7\u00f5es deste campo decorreram em Trento \u2013 It\u00e1lia, e nela participaram sempre escuteiros portugueses do CNE.<\/p>\n<p>Manuel de Oliveira<\/p>\n","protected":false},"excerpt":{"rendered":"<p>Confer\u00eancia Internacional Cat\u00f3lica do Escutismo &#8211; Campo de Pedras Vivas\/Living Stones<\/p>\n","protected":false},"author":1,"featured_media":0,"comment_status":"open","ping_status":"open","sticky":false,"template":"","format":"standard","meta":{"footnotes":""},"categories":[51],"tags":[],"class_list":["post-6051","post","type-post","status-publish","format-standard","hentry","category-jovens"],"_links":{"self":[{"href":"https:\/\/sites.ecclesia.pt\/cv\/wp-json\/wp\/v2\/posts\/6051","targetHints":{"allow":["GET"]}}],"collection":[{"href":"https:\/\/sites.ecclesia.pt\/cv\/wp-json\/wp\/v2\/posts"}],"about":[{"href":"https:\/\/sites.ecclesia.pt\/cv\/wp-json\/wp\/v2\/types\/post"}],"author":[{"embeddable":true,"href":"https:\/\/sites.ecclesia.pt\/cv\/wp-json\/wp\/v2\/users\/1"}],"replies":[{"embeddable":true,"href":"https:\/\/sites.ecclesia.pt\/cv\/wp-json\/wp\/v2\/comments?post=6051"}],"version-history":[{"count":0,"href":"https:\/\/sites.ecclesia.pt\/cv\/wp-json\/wp\/v2\/posts\/6051\/revisions"}],"wp:attachment":[{"href":"https:\/\/sites.ecclesia.pt\/cv\/wp-json\/wp\/v2\/media?parent=6051"}],"wp:term":[{"taxonomy":"category","embeddable":true,"href":"https:\/\/sites.ecclesia.pt\/cv\/wp-json\/wp\/v2\/categories?post=6051"},{"taxonomy":"post_tag","embeddable":true,"href":"https:\/\/sites.ecclesia.pt\/cv\/wp-json\/wp\/v2\/tags?post=6051"}],"curies":[{"name":"wp","href":"https:\/\/api.w.org\/{rel}","templated":true}]}}