{"id":61,"date":"2006-04-03T14:44:00","date_gmt":"2006-04-03T14:44:00","guid":{"rendered":"http:\/\/localhost:81\/wp1\/?p=61"},"modified":"2006-04-03T14:44:00","modified_gmt":"2006-04-03T14:44:00","slug":"indirectas","status":"publish","type":"post","link":"https:\/\/sites.ecclesia.pt\/cv\/indirectas\/","title":{"rendered":"Indirectas"},"content":{"rendered":"<p>Uma carta de amor <!--more--> No dia do seu anivers\u00e1rio, uma princesa recebeu do namorado um embrulho pesado e de forma arredondada.<\/p>\n<p>Cheia de curiosidade, abriu-o e encontrou&#8230; uma bala de canh\u00e3o. Desiludida e furiosa, atirou para o ch\u00e3o o negro proj\u00e9ctil de bronze.<\/p>\n<p>Ao cair, o inv\u00f3lucro da bala abriu-se e apareceu uma bola mais pequena, de prata. A princesa recolheu-a imediatamente. Com as m\u00e3os fez uma ligeira press\u00e3o na superf\u00edcie. A esfera de prata abriu-se e apareceu um estojo de ouro.<\/p>\n<p>Desta vez a princesa abriu o estojo com muita facilidade. No interior, sobre um tecido de veludo, brilhava um magn\u00edfico anel, adornado de pedras preciosas, que faziam coroa a uma simples palavra: AMO-TE!<\/p>\n<p>Quando n\u00e3o nos ficamos nas apar\u00eancias e procuramos ir mais al\u00e9m, geralmente descobrimos maravilhas.<\/p>\n","protected":false},"excerpt":{"rendered":"<p>Uma carta de amor<\/p>\n","protected":false},"author":1,"featured_media":0,"comment_status":"open","ping_status":"open","sticky":false,"template":"","format":"standard","meta":{"footnotes":""},"categories":[65],"tags":[],"class_list":["post-61","post","type-post","status-publish","format-standard","hentry","category-linhas-directas"],"_links":{"self":[{"href":"https:\/\/sites.ecclesia.pt\/cv\/wp-json\/wp\/v2\/posts\/61","targetHints":{"allow":["GET"]}}],"collection":[{"href":"https:\/\/sites.ecclesia.pt\/cv\/wp-json\/wp\/v2\/posts"}],"about":[{"href":"https:\/\/sites.ecclesia.pt\/cv\/wp-json\/wp\/v2\/types\/post"}],"author":[{"embeddable":true,"href":"https:\/\/sites.ecclesia.pt\/cv\/wp-json\/wp\/v2\/users\/1"}],"replies":[{"embeddable":true,"href":"https:\/\/sites.ecclesia.pt\/cv\/wp-json\/wp\/v2\/comments?post=61"}],"version-history":[{"count":0,"href":"https:\/\/sites.ecclesia.pt\/cv\/wp-json\/wp\/v2\/posts\/61\/revisions"}],"wp:attachment":[{"href":"https:\/\/sites.ecclesia.pt\/cv\/wp-json\/wp\/v2\/media?parent=61"}],"wp:term":[{"taxonomy":"category","embeddable":true,"href":"https:\/\/sites.ecclesia.pt\/cv\/wp-json\/wp\/v2\/categories?post=61"},{"taxonomy":"post_tag","embeddable":true,"href":"https:\/\/sites.ecclesia.pt\/cv\/wp-json\/wp\/v2\/tags?post=61"}],"curies":[{"name":"wp","href":"https:\/\/api.w.org\/{rel}","templated":true}]}}