{"id":63,"date":"2006-04-03T14:44:00","date_gmt":"2006-04-03T14:44:00","guid":{"rendered":"http:\/\/localhost:81\/wp1\/?p=63"},"modified":"2006-04-03T14:44:00","modified_gmt":"2006-04-03T14:44:00","slug":"breves","status":"publish","type":"post","link":"https:\/\/sites.ecclesia.pt\/cv\/breves\/","title":{"rendered":"Breves"},"content":{"rendered":"<p>SITE &#8211; Com o objectivo de proporcionar forma\u00e7\u00e3o permanente e oferecer aos sacerdotes brasileiros documenta\u00e7\u00e3o essencial do Magist\u00e9rio da Igreja, foi inaugurado, recentemente, o site www.presbiteros.com.br. <\/p>\n<p>Segundo a mensagem de apresenta\u00e7\u00e3o do site, redigida pelo Pe. Antonio Carlos Rossi Keller, o Portal Presb\u00edteros tem \u201ca finalidade de ser um ponto de refer\u00eancia, um local de encontro na grande rede para aqueles que sentem a necessidade de buscar algo mais para melhorar a qualidade de seu servi\u00e7o pastoral\u201d. <\/p>\n<p>O site oferece subs\u00eddios, sugest\u00f5es, possibilidade de reflex\u00e3o, leituras, documentos do Magist\u00e9rio da Igreja, de te\u00f3logos, pastoralistas, entre outros.<\/p>\n<p>PAZ &#8211; A Pax Christi &#8211; Sec\u00e7\u00e3o Portuguesa ir\u00e1 organizar nos dias 12 a 14 de Setembro, na Pousada de Juventude do Porto, um encontro de Jovens e Jovens-Adultos sobre o tema \u201cEu, os outros e o mundo &#8211; da viol\u00eancia \u00e0 paz\u201d. <\/p>\n<p>Este encontro ser\u00e1 um momento de reflex\u00e3o sobre quem somos realmente, como vivemos as rela\u00e7\u00f5es com os outros e de que forma nos situamos no mundo. Os conflitos e a viol\u00eancia est\u00e3o dentro de n\u00f3s, manifestam-se nas rela\u00e7\u00f5es sociais e est\u00e3o presentes em todo o mundo. Como lidamos com eles? Como nos podemos transformar em construtores da paz e contribuir para uma cultura da paz e n\u00e3o &#8211; viol\u00eancia para todos? <\/p>\n<p>Mais informa\u00e7\u00f5es e inscri\u00e7\u00e3o pelo telefone 213 86 51 39 ou pelo email paxchristi_pt@hotmail.com<\/p>\n<p>CONV\u00cdVIOS \u2013 Se \u00e9s conviva, n\u00e3o deves deixar de assinalar na tua agenda os pr\u00f3ximos dias 13 e 14 de Setembro, fim de semana em que decorrer\u00e1, em F\u00e1tima, o XXX Conv\u00edvio Anima\u00e7\u00e3o Nacional dos Conv\u00edvios Fraternos.<\/p>\n<p>\u00c1GORA \u2013 Vai decorrer, na casa Jo\u00e3o Paulo II, em Loreto, It\u00e1lia, de 8 a 19 de Setembro, a segunda edi\u00e7\u00e3o do \u00c1gora dos Jovens do Mediterr\u00e2neo, sob o tema \u201cBenditos os que est\u00e3o na tristeza: Deus os consolar\u00e1\u201d. Portugal estar\u00e1 representado por seis jovens delegados da nossa diocese.<\/p>\n","protected":false},"excerpt":{"rendered":"<p>SITE &#8211; Com o objectivo de proporcionar forma\u00e7\u00e3o permanente e oferecer aos sacerdotes brasileiros documenta\u00e7\u00e3o essencial do Magist\u00e9rio da Igreja, foi inaugurado, recentemente, o site www.presbiteros.com.br. Segundo a mensagem de apresenta\u00e7\u00e3o do site, redigida pelo Pe. Antonio Carlos Rossi Keller, o Portal Presb\u00edteros tem \u201ca finalidade de ser um ponto de refer\u00eancia, um local de [&hellip;]<\/p>\n","protected":false},"author":1,"featured_media":0,"comment_status":"open","ping_status":"open","sticky":false,"template":"","format":"standard","meta":{"footnotes":""},"categories":[65],"tags":[],"class_list":["post-63","post","type-post","status-publish","format-standard","hentry","category-linhas-directas"],"_links":{"self":[{"href":"https:\/\/sites.ecclesia.pt\/cv\/wp-json\/wp\/v2\/posts\/63","targetHints":{"allow":["GET"]}}],"collection":[{"href":"https:\/\/sites.ecclesia.pt\/cv\/wp-json\/wp\/v2\/posts"}],"about":[{"href":"https:\/\/sites.ecclesia.pt\/cv\/wp-json\/wp\/v2\/types\/post"}],"author":[{"embeddable":true,"href":"https:\/\/sites.ecclesia.pt\/cv\/wp-json\/wp\/v2\/users\/1"}],"replies":[{"embeddable":true,"href":"https:\/\/sites.ecclesia.pt\/cv\/wp-json\/wp\/v2\/comments?post=63"}],"version-history":[{"count":0,"href":"https:\/\/sites.ecclesia.pt\/cv\/wp-json\/wp\/v2\/posts\/63\/revisions"}],"wp:attachment":[{"href":"https:\/\/sites.ecclesia.pt\/cv\/wp-json\/wp\/v2\/media?parent=63"}],"wp:term":[{"taxonomy":"category","embeddable":true,"href":"https:\/\/sites.ecclesia.pt\/cv\/wp-json\/wp\/v2\/categories?post=63"},{"taxonomy":"post_tag","embeddable":true,"href":"https:\/\/sites.ecclesia.pt\/cv\/wp-json\/wp\/v2\/tags?post=63"}],"curies":[{"name":"wp","href":"https:\/\/api.w.org\/{rel}","templated":true}]}}