{"id":64,"date":"2006-04-03T14:44:00","date_gmt":"2006-04-03T14:44:00","guid":{"rendered":"http:\/\/localhost:81\/wp1\/?p=64"},"modified":"2006-04-03T14:44:00","modified_gmt":"2006-04-03T14:44:00","slug":"em-destaque","status":"publish","type":"post","link":"https:\/\/sites.ecclesia.pt\/cv\/em-destaque\/","title":{"rendered":"Em destaque"},"content":{"rendered":"<p>Em Caminhada Sinodal <!--more--> Despedimo-nos para uma curta pausa de f\u00e9rias com os olhos postos neste novo ano pastoral. N\u00e3o que n\u00e3o quis\u00e9ssemos gozar de umas merecidas f\u00e9rias, antes t\u00ednhamos em mente a caminhada em din\u00e2mica sinodal sobre os jovens, que foi lan\u00e7ada a toda a diocese no Dia de Igreja Diocesana, no dia 29 de Junho, em Vagos, subordinada ao tema &#8220;Ao encontro dos jovens onde eles est\u00e3o para com eles ir mais longe&#8221;.<\/p>\n<p>Diz\u00edamos, por isso, em finais de Julho, que n\u00e3o pod\u00edamos desperdi\u00e7ar esta oportunidade soberana de pensar a realidades dos jovens, de sabermos mais sobre eles, sobre as suas preocupa\u00e7\u00f5es.<\/p>\n<p>Queremos &#8220;sensibilizar a Igreja de Aveiro para os jovens, para as suas virtudes e vicissitudes&#8221;, pretendemos &#8220;ouvir os jovens e todos os que t\u00eam algo a propor sobre os jovens&#8221;, no intuito de &#8220;pensar estruturas e projectos que sirvam melhor a renova\u00e7\u00e3o da Igreja com os jovens&#8221;, e &#8220;assumir os compromissos que conduzam \u00e0 integra\u00e7\u00e3o dos jovens como protagonistas da constru\u00e7\u00e3o da Igreja e do Mundo&#8221;;<\/p>\n<p>Nesta medida, a Equipa de Anima\u00e7\u00e3o da Caminhada sinodal reunir-se-\u00e1 no pr\u00f3ximo dia 9 de Setembro, procurando ultimar o inqu\u00e9rito que ser\u00e1 lan\u00e7ado em toda a Diocese, procurando dar corpo e esse primeiro grande objectivo desta caminhada que \u00e9 conhecer melhor a realidade dos jovens de Aveiro.<\/p>\n<p>No dia 12 de Setembro est\u00e1 agendada uma reuni\u00e3o com o Conselho Geral da Caminhada, que se prounciar\u00e1 e dar\u00e1 achegas relativamente ao seu arranque formal.<\/p>\n","protected":false},"excerpt":{"rendered":"<p>Em Caminhada Sinodal<\/p>\n","protected":false},"author":1,"featured_media":0,"comment_status":"open","ping_status":"open","sticky":false,"template":"","format":"standard","meta":{"footnotes":""},"categories":[65],"tags":[],"class_list":["post-64","post","type-post","status-publish","format-standard","hentry","category-linhas-directas"],"_links":{"self":[{"href":"https:\/\/sites.ecclesia.pt\/cv\/wp-json\/wp\/v2\/posts\/64","targetHints":{"allow":["GET"]}}],"collection":[{"href":"https:\/\/sites.ecclesia.pt\/cv\/wp-json\/wp\/v2\/posts"}],"about":[{"href":"https:\/\/sites.ecclesia.pt\/cv\/wp-json\/wp\/v2\/types\/post"}],"author":[{"embeddable":true,"href":"https:\/\/sites.ecclesia.pt\/cv\/wp-json\/wp\/v2\/users\/1"}],"replies":[{"embeddable":true,"href":"https:\/\/sites.ecclesia.pt\/cv\/wp-json\/wp\/v2\/comments?post=64"}],"version-history":[{"count":0,"href":"https:\/\/sites.ecclesia.pt\/cv\/wp-json\/wp\/v2\/posts\/64\/revisions"}],"wp:attachment":[{"href":"https:\/\/sites.ecclesia.pt\/cv\/wp-json\/wp\/v2\/media?parent=64"}],"wp:term":[{"taxonomy":"category","embeddable":true,"href":"https:\/\/sites.ecclesia.pt\/cv\/wp-json\/wp\/v2\/categories?post=64"},{"taxonomy":"post_tag","embeddable":true,"href":"https:\/\/sites.ecclesia.pt\/cv\/wp-json\/wp\/v2\/tags?post=64"}],"curies":[{"name":"wp","href":"https:\/\/api.w.org\/{rel}","templated":true}]}}