{"id":6591,"date":"2006-04-03T14:44:00","date_gmt":"2006-04-03T14:44:00","guid":{"rendered":"http:\/\/localhost:81\/wp1\/?p=6591"},"modified":"2006-04-03T14:44:00","modified_gmt":"2006-04-03T14:44:00","slug":"teatro-da-trindade-apresenta-os-sonhos-de-einstein","status":"publish","type":"post","link":"https:\/\/sites.ecclesia.pt\/cv\/teatro-da-trindade-apresenta-os-sonhos-de-einstein\/","title":{"rendered":"Teatro da Trindade apresenta \u201cOs Sonhos de Einstein\u201d"},"content":{"rendered":"<p>Preso a um casamento infeliz e a um emprego muito aqu\u00e9m das suas capacidades intelectuais, o jovem Albert Einstein deixa-se levar pelos seus sonhos, seduzido pelo canto de sereia de Josette, uma mulher bela e esquiva, que se deslocou do seu lugar no futuro. Einstein parece ser a \u00fanica pessoa que pode ajud\u00e1-la, pois ser\u00e1 ele quem desvendar\u00e1 em breve os mist\u00e9rios do tempo e do espa\u00e7o.  <\/p>\n<p>Ser\u00e1 ela algu\u00e9m que apareceu vinda do futuro ou, na verdade, o pr\u00f3prio tempo?  <\/p>\n<p>A pe\u00e7a \u201cOs sonhos de Einstein\u201d, com vers\u00e3o portuguesa de C\u00e9sar Viana e direc\u00e7\u00e3o musical de Francisco Cardoso, \u00e9 baseada no romance \u201cEinstein Dreams\u201d de Alan Lightman, tem letras de Joshua Rosenblum e argumento de Joanne Sydney Lessner. A cr\u00edtica foi muito favor\u00e1vel a esta pe\u00e7a, que alia teatro, m\u00fasica e ci\u00eancia. \u201cAs vozes dos dois cantores complementam-se brilhantemente num musical onde a m\u00fasica nos traz \u00e0 mem\u00f3ria outros musicais, desde \u2018O Fantasma da \u00d3pera\u2019 at\u00e9 \u2018Cats\u2019\u201d, escreveu Ana Maria Rebelo.<\/p>\n<p>A pe\u00e7a \u201cn\u00e3o pretende, de forma alguma, ensinar a Teoria da Relatividade\u201d, afirmou o encenador Claudio Hochman \u00e0 ag\u00eancia Lusa, mas antes \u201cbrincar e reflectir sobre o tempo\u201d.<\/p>\n<p>No ano passado, comemoram-se os 100 anos da publica\u00e7\u00e3o da Teoria da Relatividade Restrita, que em 1921 valeu a Einstein o Nobel da F\u00edsica.<\/p>\n<p>Os Sonhos de Einstein. Quinta, 23 de Fevereiro, no Teatro Aveirense, \u00e0s 14h30 e 21h30. Uma produ\u00e7\u00e3o Teatro da Trindade\/Inatel. Bilhetes entes os 5 e 12 euros.<\/p>\n","protected":false},"excerpt":{"rendered":"<p>Preso a um casamento infeliz e a um emprego muito aqu\u00e9m das suas capacidades intelectuais, o jovem Albert Einstein deixa-se levar pelos seus sonhos, seduzido pelo canto de sereia de Josette, uma mulher bela e esquiva, que se deslocou do seu lugar no futuro. Einstein parece ser a \u00fanica pessoa que pode ajud\u00e1-la, pois ser\u00e1 [&hellip;]<\/p>\n","protected":false},"author":1,"featured_media":0,"comment_status":"open","ping_status":"open","sticky":false,"template":"","format":"standard","meta":{"footnotes":""},"categories":[61],"tags":[],"class_list":["post-6591","post","type-post","status-publish","format-standard","hentry","category-actualidade"],"_links":{"self":[{"href":"https:\/\/sites.ecclesia.pt\/cv\/wp-json\/wp\/v2\/posts\/6591","targetHints":{"allow":["GET"]}}],"collection":[{"href":"https:\/\/sites.ecclesia.pt\/cv\/wp-json\/wp\/v2\/posts"}],"about":[{"href":"https:\/\/sites.ecclesia.pt\/cv\/wp-json\/wp\/v2\/types\/post"}],"author":[{"embeddable":true,"href":"https:\/\/sites.ecclesia.pt\/cv\/wp-json\/wp\/v2\/users\/1"}],"replies":[{"embeddable":true,"href":"https:\/\/sites.ecclesia.pt\/cv\/wp-json\/wp\/v2\/comments?post=6591"}],"version-history":[{"count":0,"href":"https:\/\/sites.ecclesia.pt\/cv\/wp-json\/wp\/v2\/posts\/6591\/revisions"}],"wp:attachment":[{"href":"https:\/\/sites.ecclesia.pt\/cv\/wp-json\/wp\/v2\/media?parent=6591"}],"wp:term":[{"taxonomy":"category","embeddable":true,"href":"https:\/\/sites.ecclesia.pt\/cv\/wp-json\/wp\/v2\/categories?post=6591"},{"taxonomy":"post_tag","embeddable":true,"href":"https:\/\/sites.ecclesia.pt\/cv\/wp-json\/wp\/v2\/tags?post=6591"}],"curies":[{"name":"wp","href":"https:\/\/api.w.org\/{rel}","templated":true}]}}