{"id":66,"date":"2006-04-03T14:44:00","date_gmt":"2006-04-03T14:44:00","guid":{"rendered":"http:\/\/localhost:81\/wp1\/?p=66"},"modified":"2006-04-03T14:44:00","modified_gmt":"2006-04-03T14:44:00","slug":"junta-de-freguesia-de-veiros-vai-ter-nova-sede","status":"publish","type":"post","link":"https:\/\/sites.ecclesia.pt\/cv\/junta-de-freguesia-de-veiros-vai-ter-nova-sede\/","title":{"rendered":"Junta de Freguesia de Veiros vai ter nova sede"},"content":{"rendered":"<p>C\u00e2mara Municipal de Estarreja aprovou projecto <!--more--> No local do parque de estacionamento actualmente existente junto \u00e0 sede da Junta de Freguesia de Veiros (Estarreja) ir\u00e1 surgir o novo edif\u00edcio daquele \u00f3rg\u00e3o aut\u00e1rquico, de acordo com o projecto recentemente aprovado pelo executivo municipal estarrejense, projecto aprovado tamb\u00e9m pela Assembleia de Freguesia.<\/p>\n<p>A fase seguinte ser\u00e1 a execu\u00e7\u00e3o do projecto da especialidade, seguindo-se os tr\u00e2mites burocr\u00e1ticos do concurso p\u00fablico e lan\u00e7amento da obra, pelo que ainda n\u00e3o est\u00e1 prevista qualquer data para in\u00edcio da constru\u00e7\u00e3o e, muito menos, para a sua conclus\u00e3o. Certo \u00e9 o facto da inaugura\u00e7\u00e3o da futura sede da Junta de Freguesia de Veiros n\u00e3o ocorrer durante o actual mandato aut\u00e1rquico.<\/p>\n<p>Para al\u00e9m da sede da junta de freguesia, o im\u00f3vel acolher\u00e1 ainda diversas estruturas aut\u00e1rquicas, nomeadamente uma biblioteca e um anfiteatro. No edif\u00edcio ficar\u00e1 ainda instalada uma nova esta\u00e7\u00e3o de correios.<\/p>\n<p>Este projecto foi o segundo a ser executado para a futura sede da Junta de Freguesia de Veiros. <\/p>\n<p>O primeiro, elaborado pelo executivo municipal de Vladimiro Silva, no anterior mandato aut\u00e1rquico, foi recusado pela Assembleia de Freguesia.<\/p>\n","protected":false},"excerpt":{"rendered":"<p>C\u00e2mara Municipal de Estarreja aprovou projecto<\/p>\n","protected":false},"author":1,"featured_media":0,"comment_status":"open","ping_status":"open","sticky":false,"template":"","format":"standard","meta":{"footnotes":""},"categories":[45],"tags":[],"class_list":["post-66","post","type-post","status-publish","format-standard","hentry","category-regioes"],"_links":{"self":[{"href":"https:\/\/sites.ecclesia.pt\/cv\/wp-json\/wp\/v2\/posts\/66","targetHints":{"allow":["GET"]}}],"collection":[{"href":"https:\/\/sites.ecclesia.pt\/cv\/wp-json\/wp\/v2\/posts"}],"about":[{"href":"https:\/\/sites.ecclesia.pt\/cv\/wp-json\/wp\/v2\/types\/post"}],"author":[{"embeddable":true,"href":"https:\/\/sites.ecclesia.pt\/cv\/wp-json\/wp\/v2\/users\/1"}],"replies":[{"embeddable":true,"href":"https:\/\/sites.ecclesia.pt\/cv\/wp-json\/wp\/v2\/comments?post=66"}],"version-history":[{"count":0,"href":"https:\/\/sites.ecclesia.pt\/cv\/wp-json\/wp\/v2\/posts\/66\/revisions"}],"wp:attachment":[{"href":"https:\/\/sites.ecclesia.pt\/cv\/wp-json\/wp\/v2\/media?parent=66"}],"wp:term":[{"taxonomy":"category","embeddable":true,"href":"https:\/\/sites.ecclesia.pt\/cv\/wp-json\/wp\/v2\/categories?post=66"},{"taxonomy":"post_tag","embeddable":true,"href":"https:\/\/sites.ecclesia.pt\/cv\/wp-json\/wp\/v2\/tags?post=66"}],"curies":[{"name":"wp","href":"https:\/\/api.w.org\/{rel}","templated":true}]}}