{"id":6648,"date":"2006-04-03T14:44:00","date_gmt":"2006-04-03T14:44:00","guid":{"rendered":"http:\/\/localhost:81\/wp1\/?p=6648"},"modified":"2006-04-03T14:44:00","modified_gmt":"2006-04-03T14:44:00","slug":"irs-na-internet","status":"publish","type":"post","link":"https:\/\/sites.ecclesia.pt\/cv\/irs-na-internet\/","title":{"rendered":"IRS na Internet"},"content":{"rendered":"<p>Nos espa\u00e7os do Aveiro Digital <!--more--> O Programa Aveiro Digital volta a promover a iniciativa \u201cIRS na internet\u201d, destinada aos sujeitos passivos que tenham exclusivamente auferido rendimentos das Categorias A (trabalhador dependente) e H (pens\u00f5es).<\/p>\n<p>Esta iniciativa realiza-se em todos os Espa\u00e7os internet Aveiro Digital, situados nas sedes de Munic\u00edpios da AMRia \u2013 Associa\u00e7\u00e3o dos Munic\u00edpios da Ria, e conta com a colabora\u00e7\u00e3o da Direc\u00e7\u00e3o Distrital de Finan\u00e7as de Aveiro, em quest\u00f5es t\u00e9cnico-tribut\u00e1rias, aos contribuintes que adiram \u00e0 iniciativa.<\/p>\n<p>Este apoio, que \u00e9 livre e gratuito, circunscreve-se \u00e0s seguintes \u00e1reas: cria\u00e7\u00e3o de uma senha de acesso ao sistema de entrega e preenchimento da Declara\u00e7\u00e3o Modelo 3 via internet e correspondente certifica\u00e7\u00e3o dos dados.<\/p>\n<p>Uma iniciativa semelhante, mas destinada ao apoio \u00e0 entrega da Declara\u00e7\u00e3o Modelo 3 via internet dos sujeitos passivos com rendimentos que n\u00e3o exclusivamente das Categorias A, ser\u00e1 realizada de 16 de Mar\u00e7o a 30 de Abril.<\/p>\n","protected":false},"excerpt":{"rendered":"<p>Nos espa\u00e7os do Aveiro Digital<\/p>\n","protected":false},"author":1,"featured_media":0,"comment_status":"open","ping_status":"open","sticky":false,"template":"","format":"standard","meta":{"footnotes":""},"categories":[61],"tags":[],"class_list":["post-6648","post","type-post","status-publish","format-standard","hentry","category-actualidade"],"_links":{"self":[{"href":"https:\/\/sites.ecclesia.pt\/cv\/wp-json\/wp\/v2\/posts\/6648","targetHints":{"allow":["GET"]}}],"collection":[{"href":"https:\/\/sites.ecclesia.pt\/cv\/wp-json\/wp\/v2\/posts"}],"about":[{"href":"https:\/\/sites.ecclesia.pt\/cv\/wp-json\/wp\/v2\/types\/post"}],"author":[{"embeddable":true,"href":"https:\/\/sites.ecclesia.pt\/cv\/wp-json\/wp\/v2\/users\/1"}],"replies":[{"embeddable":true,"href":"https:\/\/sites.ecclesia.pt\/cv\/wp-json\/wp\/v2\/comments?post=6648"}],"version-history":[{"count":0,"href":"https:\/\/sites.ecclesia.pt\/cv\/wp-json\/wp\/v2\/posts\/6648\/revisions"}],"wp:attachment":[{"href":"https:\/\/sites.ecclesia.pt\/cv\/wp-json\/wp\/v2\/media?parent=6648"}],"wp:term":[{"taxonomy":"category","embeddable":true,"href":"https:\/\/sites.ecclesia.pt\/cv\/wp-json\/wp\/v2\/categories?post=6648"},{"taxonomy":"post_tag","embeddable":true,"href":"https:\/\/sites.ecclesia.pt\/cv\/wp-json\/wp\/v2\/tags?post=6648"}],"curies":[{"name":"wp","href":"https:\/\/api.w.org\/{rel}","templated":true}]}}