{"id":6804,"date":"2006-04-03T14:44:00","date_gmt":"2006-04-03T14:44:00","guid":{"rendered":"http:\/\/localhost:81\/wp1\/?p=6804"},"modified":"2006-04-03T14:44:00","modified_gmt":"2006-04-03T14:44:00","slug":"converte-se-tarefa-continua","status":"publish","type":"post","link":"https:\/\/sites.ecclesia.pt\/cv\/converte-se-tarefa-continua\/","title":{"rendered":"Converte-se &#8211; tarefa cont\u00ednua"},"content":{"rendered":"<p>Reaprender&#8230; para viver melhor <!--more--> \u201cPorque pense cada um que tanto mais aproveitar\u00e1 em todas as coisas espirituais, quanto mais sair do seu amor, querer e interesse pr\u00f3prios\u201d (S. In\u00e1cio de Loiola). <\/p>\n<p>A convers\u00e3o pode acontecer como um cataclismo; poder\u00e1 iniciar-se como uma brisa suave que passa; chegar\u00e1, porventura, em meio de alguma experi\u00eancia de plenitude humana\u2026 Mas sempre consistir\u00e1, isso sim, \u201cna experi\u00eancia de uma liberdade liberta, que desabrocha e se abre para fora, para querer para al\u00e9m de si mesma\u201d.<\/p>\n<p>De qualquer modo, \u201csendo vida, a convers\u00e3o n\u00e3o \u00e9 um instante acontecido; \u00e9 um processo que vai acontecendo. Tal como a f\u00e9, nunca est\u00e1 terminada\u201d. E esta \u00e9 uma consci\u00eancia nem sempre f\u00e1cil de viver. \u00c0s vezes, resulta a impress\u00e3o de que se concebe e leva a vida crist\u00e3 como uma aquisi\u00e7\u00e3o definitiva, sem necessidade de rever caminhos, de alterar projectos, de remover passos. N\u00e3o raro, sobretudo em confiss\u00e3o, aparecem as afirma\u00e7\u00f5es de que \u201cn\u00e3o h\u00e1 nada de especial\u201d, de que \u201c\u00e9 sempre a mesma coisa\u201d, de que se n\u00e3o tem pecados\u2026 Como se alguma vez, diante da santidade de Deus, nos pud\u00e9ssemos olhar como seres perfeitos!&#8230; <\/p>\n<p>Q.S.<\/p>\n","protected":false},"excerpt":{"rendered":"<p>Reaprender&#8230; para viver melhor<\/p>\n","protected":false},"author":1,"featured_media":0,"comment_status":"open","ping_status":"open","sticky":false,"template":"","format":"standard","meta":{"footnotes":""},"categories":[70],"tags":[],"class_list":["post-6804","post","type-post","status-publish","format-standard","hentry","category-diocese"],"_links":{"self":[{"href":"https:\/\/sites.ecclesia.pt\/cv\/wp-json\/wp\/v2\/posts\/6804","targetHints":{"allow":["GET"]}}],"collection":[{"href":"https:\/\/sites.ecclesia.pt\/cv\/wp-json\/wp\/v2\/posts"}],"about":[{"href":"https:\/\/sites.ecclesia.pt\/cv\/wp-json\/wp\/v2\/types\/post"}],"author":[{"embeddable":true,"href":"https:\/\/sites.ecclesia.pt\/cv\/wp-json\/wp\/v2\/users\/1"}],"replies":[{"embeddable":true,"href":"https:\/\/sites.ecclesia.pt\/cv\/wp-json\/wp\/v2\/comments?post=6804"}],"version-history":[{"count":0,"href":"https:\/\/sites.ecclesia.pt\/cv\/wp-json\/wp\/v2\/posts\/6804\/revisions"}],"wp:attachment":[{"href":"https:\/\/sites.ecclesia.pt\/cv\/wp-json\/wp\/v2\/media?parent=6804"}],"wp:term":[{"taxonomy":"category","embeddable":true,"href":"https:\/\/sites.ecclesia.pt\/cv\/wp-json\/wp\/v2\/categories?post=6804"},{"taxonomy":"post_tag","embeddable":true,"href":"https:\/\/sites.ecclesia.pt\/cv\/wp-json\/wp\/v2\/tags?post=6804"}],"curies":[{"name":"wp","href":"https:\/\/api.w.org\/{rel}","templated":true}]}}