{"id":6836,"date":"2006-04-03T14:44:00","date_gmt":"2006-04-03T14:44:00","guid":{"rendered":"http:\/\/localhost:81\/wp1\/?p=6836"},"modified":"2006-04-03T14:44:00","modified_gmt":"2006-04-03T14:44:00","slug":"novos-cultos-novos-templos","status":"publish","type":"post","link":"https:\/\/sites.ecclesia.pt\/cv\/novos-cultos-novos-templos\/","title":{"rendered":"Novos cultos &#8211; novos templos"},"content":{"rendered":"<p>Ponta de Lan\u00e7a <!--more--> Nos nossos dias, h\u00e1 certamente alguma dificuldade em encontrar espa\u00e7o para que a diversidade de carismas seja verdadeiramente inspira\u00e7\u00e3o \u2013 \u00e9 tanta a oferta que, presumimos, mesmo n\u00e3o se adequando ao Absoluto \u00e9 materializada como absoluto.<\/p>\n<p>Novos grupos radicam a salva\u00e7\u00e3o no m\u00f3bil para o desenvolvimento econ\u00f3mico dos povos: \u201cOlhe ao redor do mundo e constate que as na\u00e7\u00f5es que se estruturaram com base no Cristianismo, tornaram-se as mais pr\u00f3speras e as mais desenvolvidas do planeta. (Pelo menos enquanto se mantiveram fi\u00e9is aos ensinamentos crist\u00e3os.) Verifique voc\u00ea mesmo que o desenvolvimento de cada povo est\u00e1 associado ao seu relacionamento com Deus. Quanto mais leal e sensato \u00e9 este relacionamento, maior \u00e9 o desenvolvimento alcan\u00e7ado\u201d (Projecto \u201cRenasce Brasil\u201d, por exemplo).<\/p>\n<p>Os fins de tarde, as noites e os fins-de-semana est\u00e3o repletos de aut\u00eanticas peregrina\u00e7\u00f5es, no sentido etimol\u00f3gico bem se v\u00ea (do latim per agros, isto \u00e9, pelos campos), por esses santu\u00e1rios do desporto (gin\u00e1sios, clubes, dan\u00e7as, piscinas, modalidades disto e daquilo,\u2026) e do consumo (centros comerciais, hipermercados,\u2026). Parece-nos \u00f3bvio que, sobretudo o prazer e o lazer, encontraram direito de cidadania entre os povos; e tudo isto \u00e9 apenas um pouco do que cada pessoa poder\u00e1 fazer para se valorizar intelectualmente, desportivamente, saudavelmente, etc. O mundo contempor\u00e2neo necessita de ocupar o corpo e a mente para eliminar, por momentos, os malef\u00edcios de uma semana, mas tamb\u00e9m para poder ir mais al\u00e9m na descoberta de tudo e de quem faz girar esse mesmo tudo. <\/p>\n<p>No meio de tanta transpira\u00e7\u00e3o\u2026 alguma Inspira\u00e7\u00e3o!?<\/p>\n<p>O que se aparenta como certo \u00e9 que milhares de fi\u00e9is das diversidades de carismas do tempo actual n\u00e3o se rev\u00eaem nos carismas tradicionais e da Tradi\u00e7\u00e3o, talvez porque o indiv\u00edduo e as vontades individuais (lazer, prazer, lucro, ter, \u2026) se sobrep\u00f5em \u00e0 pessoa?!<\/p>\n<p>Os carismas e todos os actos da inspira\u00e7\u00e3o, como por exemplo a inspira\u00e7\u00e3o b\u00edblica, s\u00e3o carismas comunit\u00e1rios, n\u00e3o se esgotam em actos isolados; inserem-se organicamente e de maneira espec\u00edfica no conjunto dos carismas concernentes ao an\u00fancio e \u00e0 conserva\u00e7\u00e3o do Eterno.<\/p>\n<p>No tempo de reconhecimento das diferen\u00e7as\u2026 apenas mais uma: outros cultos!<\/p>\n<p>Desportivamente\u2026 pelo desporto!<\/p>\n","protected":false},"excerpt":{"rendered":"<p>Ponta de Lan\u00e7a<\/p>\n","protected":false},"author":1,"featured_media":0,"comment_status":"open","ping_status":"open","sticky":false,"template":"","format":"standard","meta":{"footnotes":""},"categories":[46],"tags":[],"class_list":["post-6836","post","type-post","status-publish","format-standard","hentry","category-desporto"],"_links":{"self":[{"href":"https:\/\/sites.ecclesia.pt\/cv\/wp-json\/wp\/v2\/posts\/6836","targetHints":{"allow":["GET"]}}],"collection":[{"href":"https:\/\/sites.ecclesia.pt\/cv\/wp-json\/wp\/v2\/posts"}],"about":[{"href":"https:\/\/sites.ecclesia.pt\/cv\/wp-json\/wp\/v2\/types\/post"}],"author":[{"embeddable":true,"href":"https:\/\/sites.ecclesia.pt\/cv\/wp-json\/wp\/v2\/users\/1"}],"replies":[{"embeddable":true,"href":"https:\/\/sites.ecclesia.pt\/cv\/wp-json\/wp\/v2\/comments?post=6836"}],"version-history":[{"count":0,"href":"https:\/\/sites.ecclesia.pt\/cv\/wp-json\/wp\/v2\/posts\/6836\/revisions"}],"wp:attachment":[{"href":"https:\/\/sites.ecclesia.pt\/cv\/wp-json\/wp\/v2\/media?parent=6836"}],"wp:term":[{"taxonomy":"category","embeddable":true,"href":"https:\/\/sites.ecclesia.pt\/cv\/wp-json\/wp\/v2\/categories?post=6836"},{"taxonomy":"post_tag","embeddable":true,"href":"https:\/\/sites.ecclesia.pt\/cv\/wp-json\/wp\/v2\/tags?post=6836"}],"curies":[{"name":"wp","href":"https:\/\/api.w.org\/{rel}","templated":true}]}}