{"id":6837,"date":"2006-04-03T14:44:00","date_gmt":"2006-04-03T14:44:00","guid":{"rendered":"http:\/\/localhost:81\/wp1\/?p=6837"},"modified":"2006-04-03T14:44:00","modified_gmt":"2006-04-03T14:44:00","slug":"sem-ganhar-ha-6-jogos-beira-mar-empata-decisao-de-subida","status":"publish","type":"post","link":"https:\/\/sites.ecclesia.pt\/cv\/sem-ganhar-ha-6-jogos-beira-mar-empata-decisao-de-subida\/","title":{"rendered":"Sem ganhar h\u00e1 6 jogos, Beira-Mar empata decis\u00e3o de subida"},"content":{"rendered":"<p>Beira-Mar 0 \u2013 Portimonense 0 <!--more--> As circunst\u00e2ncias:<\/p>\n<p>Est\u00e1dio Municipal de Aveiro &#8211; M\u00e1rio Duarte. Jogo a contar para a 28\u00aa jornada do campeonato de futebol Liga de Honra. 3.604 espectadores. Beira Mar 0 \u2013 Portimonense 0. \u00c1rbitro: Nuno Afonso (Lisboa). <\/p>\n<p>Vit\u00f3rias&#8230; ainda se lembram?<\/p>\n<p>O.k., o Beira Mar n\u00e3o sabe o que \u00e9 perder (lembram-se do Marco, na primeira volta?); no entanto j\u00e1 l\u00e1 v\u00e3o 6 jogos sem ganhar. 3 dos quais em casa. Se, na semana passada, o empate at\u00e9 que n\u00e3o foi um mau resultado, no Domingo, o empate soube a derrota.<\/p>\n<p>As famosas \u201ccontas \u00e0 portuguesa\u201d:<\/p>\n<p>Peguemos nas m\u00e1quinas de calcular! Faltam 6 jornadas, 18 pontos. 3 fora, 3 em casa.  Para garantir a subida faltam 13 pontos e para ser campe\u00e3o 15 (pressupondo que Leix\u00f5es e Aves ganham sempre). <\/p>\n<p>Os advers\u00e1rios directos:<\/p>\n<p>Aves e Leix\u00f5es cumpriram, levando de vencida Ovarense (1-3) e Maia (0-2) respectivamente, reduzindo a diferen\u00e7a pontual para 3 e 5 pontos. Adivinha-se um final de campeonato empolgante.<\/p>\n<p>De bestial a&#8230;<\/p>\n<p>In\u00e1cio \u00e9 um grande treinador! Com um bom discurso, coerente, objectivo. N\u00e3o nos podemos esquecer! Tem sido prejudicado por diversos factores, nomeadamente a baixa de forma de alguns jogadores influentes, ou por decis\u00f5es \u201cmenos felizes\u201d das equipas de arbitragem. No entanto, h\u00e1 situa\u00e7\u00f5es que custam a compreender, como, depois dos refor\u00e7os de Inverno, n\u00e3o haver \u201cbanco\u201d para a terceira substitui\u00e7\u00e3o, quando era preciso pressionar mais&#8230;<\/p>\n<p>Fouhami resolve<\/p>\n<p>O guarda redes de Portim\u00e3o teve uma tarde brilhante. Com um punhado de boas defesas, conseguiu segurar o nulo. E levar o pontito para casa.<\/p>\n<p>A voz do \u201cmister\u201d<\/p>\n<p>In\u00e1cio, por for\u00e7a do black-out imposto no in\u00edcio da semana passada, n\u00e3o prestou declara\u00e7\u00f5es.<\/p>\n<p>Diamantino Miranda \u2013 Portimonense: \u201cFoi com sofrimento, mas justo (&#8230;) O Beira-Mar \u00e9 um supercandidato \u00e0 subida\u201d. \u201cDemos algum ascendente, sabendo que ir\u00edamos encontrar uma equipa nervosa e previs\u00edvel no futebol a\u00e9reo\u201d. <\/p>\n<p>Pedro Martins<\/p>\n","protected":false},"excerpt":{"rendered":"<p>Beira-Mar 0 \u2013 Portimonense 0<\/p>\n","protected":false},"author":1,"featured_media":0,"comment_status":"open","ping_status":"open","sticky":false,"template":"","format":"standard","meta":{"footnotes":""},"categories":[46],"tags":[],"class_list":["post-6837","post","type-post","status-publish","format-standard","hentry","category-desporto"],"_links":{"self":[{"href":"https:\/\/sites.ecclesia.pt\/cv\/wp-json\/wp\/v2\/posts\/6837","targetHints":{"allow":["GET"]}}],"collection":[{"href":"https:\/\/sites.ecclesia.pt\/cv\/wp-json\/wp\/v2\/posts"}],"about":[{"href":"https:\/\/sites.ecclesia.pt\/cv\/wp-json\/wp\/v2\/types\/post"}],"author":[{"embeddable":true,"href":"https:\/\/sites.ecclesia.pt\/cv\/wp-json\/wp\/v2\/users\/1"}],"replies":[{"embeddable":true,"href":"https:\/\/sites.ecclesia.pt\/cv\/wp-json\/wp\/v2\/comments?post=6837"}],"version-history":[{"count":0,"href":"https:\/\/sites.ecclesia.pt\/cv\/wp-json\/wp\/v2\/posts\/6837\/revisions"}],"wp:attachment":[{"href":"https:\/\/sites.ecclesia.pt\/cv\/wp-json\/wp\/v2\/media?parent=6837"}],"wp:term":[{"taxonomy":"category","embeddable":true,"href":"https:\/\/sites.ecclesia.pt\/cv\/wp-json\/wp\/v2\/categories?post=6837"},{"taxonomy":"post_tag","embeddable":true,"href":"https:\/\/sites.ecclesia.pt\/cv\/wp-json\/wp\/v2\/tags?post=6837"}],"curies":[{"name":"wp","href":"https:\/\/api.w.org\/{rel}","templated":true}]}}