{"id":6839,"date":"2006-04-03T14:44:00","date_gmt":"2006-04-03T14:44:00","guid":{"rendered":"http:\/\/localhost:81\/wp1\/?p=6839"},"modified":"2006-04-03T14:44:00","modified_gmt":"2006-04-03T14:44:00","slug":"frases-da-semana-31","status":"publish","type":"post","link":"https:\/\/sites.ecclesia.pt\/cv\/frases-da-semana-31\/","title":{"rendered":"Frases da Semana"},"content":{"rendered":"<p>Que deus \u00e9 esse em nome do qual se aterroriza e mata? H\u00e1 guerras em curso, e os crist\u00e3os pedem ao Deus, os judeus pedem ao Deus, os mu\u00e7ulmanos pedem ao Deus&#8230; qual Deus? E o que vai fazer para atender a todos contraditoriamente?<\/p>\n<p>O crente aut\u00eantico tem de ousar passar pelo ate\u00edsmo. No sentido de derrubar os \u00eddolos, para poder ir ao encontro do Deus verdadeiro, Aquele que \u00e9 fonte de liberdade, dignidade e salva\u00e7\u00e3o.<\/p>\n<p>Anselmo Borges<\/p>\n<p>Di\u00e1rio de Not\u00edcias, 26-03-06<\/p>\n<p>Se conseguirmos ser sempre dos mais pobres da Uni\u00e3o Europeia, nunca v\u00e3o ter cara para n\u00e3o nos atribu\u00edrem fundos comunit\u00e1rios. Ah! Ah! Ah!<\/p>\n<p>Cartoon de Lu\u00eds Afonso<\/p>\n<p>P\u00fablico, 26-03-06<\/p>\n<p>A Quaresma n\u00e3o \u00e9 para cumprir ritos de prepara\u00e7\u00e3o para a P\u00e1scoa. Se ficar por a\u00ed, torna a Igreja mais cega, mais endurecida, mais apegada ao que deve ser transformado. A Quaresma \u00e9, por natureza, um caminho de ilumina\u00e7\u00e3o.<\/p>\n<p>Bento Domingues<\/p>\n<p>P\u00fablico, 26-03-06<\/p>\n<p>Portugal vai regionalizar-se tecnicamente, para mais tarde se regionalizar politicamente. Dito de outro modo: como a pol\u00edtica s\u00f3 atrapalha, nada melhor do que regionalizar primeiro e perguntar depois.<\/p>\n<p>Ant\u00f3nio Jos\u00e9 Teixeira<\/p>\n<p>Di\u00e1rio de Not\u00edcias, 25-03-06<\/p>\n<p>O sucesso dos estudantes de cultura chinesa \u00e9 tal que, nas universidades americanas, s\u00e3o os \u00fanicos imigrantes v\u00edtimas de discrimina\u00e7\u00e3o negativa, pois poderiam ocupar todas as vagas, j\u00e1 que s\u00e3o, por regra, os melhores alunos.<\/p>\n<p>Jos\u00e9 Manuel Fernandes<\/p>\n<p>P\u00fablico, 25-03-06<\/p>\n<p>Em Portugal, fala-se muito de reformas e, depois, percebe-se que elas s\u00e3o ou bal\u00f5es para rebentar quando n\u00e3o s\u00e3o necess\u00e1rios ou ent\u00e3o tornam-se princ\u00edpios que devem ser congelados.<\/p>\n<p>Fernando Sobral<\/p>\n<p>Jornal de Neg\u00f3cios, 24-03-06<\/p>\n<p>Nunca nenhuma outra sociedade da Europa resistiu \u00e0 mudan\u00e7a com tanta cegueira e persist\u00eancia. De Gaulle (salvo erro) dizia que, quando a Fran\u00e7a precisava de uma reforma, fazia uma revolu\u00e7\u00e3o.<\/p>\n<p>Vasco Pulido Valente<\/p>\n<p>P\u00fablico, 25-03-06<\/p>\n<p>As mulheres, em Portugal, s\u00e3o dos grupos que sistematicamente sentem que a sua voz n\u00e3o conta na pol\u00edtica. Estes sentimentos s\u00e3o criados desde a inf\u00e2ncia. Quando se chega \u00e0 idade de votar, j\u00e1 \u00e9 demasiado tarde para inverter sentimentos de inefic\u00e1cia. A presen\u00e7a de mulheres no Parlamento servir\u00e1 por isso para alterar mentalidades.<\/p>\n<p>Marina Costa Lobo<\/p>\n<p>Di\u00e1rio de Not\u00edcias 25-03-06<\/p>\n","protected":false},"excerpt":{"rendered":"<p>Que deus \u00e9 esse em nome do qual se aterroriza e mata? H\u00e1 guerras em curso, e os crist\u00e3os pedem ao Deus, os judeus pedem ao Deus, os mu\u00e7ulmanos pedem ao Deus&#8230; qual Deus? E o que vai fazer para atender a todos contraditoriamente? O crente aut\u00eantico tem de ousar passar pelo ate\u00edsmo. No sentido [&hellip;]<\/p>\n","protected":false},"author":1,"featured_media":0,"comment_status":"open","ping_status":"open","sticky":false,"template":"","format":"standard","meta":{"footnotes":""},"categories":[62],"tags":[],"class_list":["post-6839","post","type-post","status-publish","format-standard","hentry","category-opiniao"],"_links":{"self":[{"href":"https:\/\/sites.ecclesia.pt\/cv\/wp-json\/wp\/v2\/posts\/6839","targetHints":{"allow":["GET"]}}],"collection":[{"href":"https:\/\/sites.ecclesia.pt\/cv\/wp-json\/wp\/v2\/posts"}],"about":[{"href":"https:\/\/sites.ecclesia.pt\/cv\/wp-json\/wp\/v2\/types\/post"}],"author":[{"embeddable":true,"href":"https:\/\/sites.ecclesia.pt\/cv\/wp-json\/wp\/v2\/users\/1"}],"replies":[{"embeddable":true,"href":"https:\/\/sites.ecclesia.pt\/cv\/wp-json\/wp\/v2\/comments?post=6839"}],"version-history":[{"count":0,"href":"https:\/\/sites.ecclesia.pt\/cv\/wp-json\/wp\/v2\/posts\/6839\/revisions"}],"wp:attachment":[{"href":"https:\/\/sites.ecclesia.pt\/cv\/wp-json\/wp\/v2\/media?parent=6839"}],"wp:term":[{"taxonomy":"category","embeddable":true,"href":"https:\/\/sites.ecclesia.pt\/cv\/wp-json\/wp\/v2\/categories?post=6839"},{"taxonomy":"post_tag","embeddable":true,"href":"https:\/\/sites.ecclesia.pt\/cv\/wp-json\/wp\/v2\/tags?post=6839"}],"curies":[{"name":"wp","href":"https:\/\/api.w.org\/{rel}","templated":true}]}}