{"id":7,"date":"2006-04-03T14:44:00","date_gmt":"2006-04-03T14:44:00","guid":{"rendered":"http:\/\/localhost:81\/wp1\/?p=7"},"modified":"2006-04-03T14:44:00","modified_gmt":"2006-04-03T14:44:00","slug":"coloquio-anual-da-associacao-portuguesa-de-museologia","status":"publish","type":"post","link":"https:\/\/sites.ecclesia.pt\/cv\/coloquio-anual-da-associacao-portuguesa-de-museologia\/","title":{"rendered":"Col\u00f3quio anual da Associa\u00e7\u00e3o Portuguesa de Museologia"},"content":{"rendered":"<p>No Museu Mar\u00edtimo de \u00cdlhavo <!--more--> A Associa\u00e7\u00e3o Portuguesa de Museologia vai realizar, nos dias 16, 17 e 18 de Outubro, no Museu Mar\u00edtimo de \u00cdlhavo, o seu col\u00f3quio anual, este ano subordinado ao tema \u201cMuseologia e Arquitectura\u201d, evento que se integra nas comemora\u00e7\u00f5es do segundo anivers\u00e1rio da inaugura\u00e7\u00e3o daquele renovado museu.<\/p>\n<p>O col\u00f3quio propriamente dito decorrer\u00e1 nos dois primeiros dias e incluir\u00e1 quatro semin\u00e1rios tem\u00e1ticos: \u201cMuseologia e arquitectura \u2013 di\u00e1logo entre profissionais\u201d, \u201cO programa museol\u00f3gico e o projecto arquitect\u00f3nico\u201d, \u201cReabilita\u00e7\u00e3o de edif\u00edcios hist\u00f3ricos para fins museol\u00f3gicos\u201d e \u201cArquitectura e Museologia no ensino superior\u201d, nos quais participar\u00e3o arquitectos de renome, como Alcino Soutinho, Nuno Mateus (autor do projecto arquitect\u00f3nico do museu ilhavense), Siza Vieira, entre outros, bem como directores de museus, entre os quais, \u00c1lvaro Garrido e Isabel Pereira, directores do Museu Mar\u00edtimo de \u00cdlhavo e do Museu de Aveiro, respectivamente.<\/p>\n<p>O dia 18 ser\u00e1 dedicado a uma visita guiada por alguns dos museus dos concelhos de \u00cdlhavo e de Aveiro.<\/p>\n","protected":false},"excerpt":{"rendered":"<p>No Museu Mar\u00edtimo de \u00cdlhavo<\/p>\n","protected":false},"author":1,"featured_media":0,"comment_status":"open","ping_status":"open","sticky":false,"template":"","format":"standard","meta":{"footnotes":""},"categories":[66],"tags":[],"class_list":["post-7","post","type-post","status-publish","format-standard","hentry","category-cultura"],"_links":{"self":[{"href":"https:\/\/sites.ecclesia.pt\/cv\/wp-json\/wp\/v2\/posts\/7","targetHints":{"allow":["GET"]}}],"collection":[{"href":"https:\/\/sites.ecclesia.pt\/cv\/wp-json\/wp\/v2\/posts"}],"about":[{"href":"https:\/\/sites.ecclesia.pt\/cv\/wp-json\/wp\/v2\/types\/post"}],"author":[{"embeddable":true,"href":"https:\/\/sites.ecclesia.pt\/cv\/wp-json\/wp\/v2\/users\/1"}],"replies":[{"embeddable":true,"href":"https:\/\/sites.ecclesia.pt\/cv\/wp-json\/wp\/v2\/comments?post=7"}],"version-history":[{"count":0,"href":"https:\/\/sites.ecclesia.pt\/cv\/wp-json\/wp\/v2\/posts\/7\/revisions"}],"wp:attachment":[{"href":"https:\/\/sites.ecclesia.pt\/cv\/wp-json\/wp\/v2\/media?parent=7"}],"wp:term":[{"taxonomy":"category","embeddable":true,"href":"https:\/\/sites.ecclesia.pt\/cv\/wp-json\/wp\/v2\/categories?post=7"},{"taxonomy":"post_tag","embeddable":true,"href":"https:\/\/sites.ecclesia.pt\/cv\/wp-json\/wp\/v2\/tags?post=7"}],"curies":[{"name":"wp","href":"https:\/\/api.w.org\/{rel}","templated":true}]}}