{"id":8,"date":"2006-04-03T14:44:00","date_gmt":"2006-04-03T14:44:00","guid":{"rendered":"http:\/\/localhost:81\/wp1\/?p=8"},"modified":"2006-04-03T14:44:00","modified_gmt":"2006-04-03T14:44:00","slug":"porque-viajas-tantos","status":"publish","type":"post","link":"https:\/\/sites.ecclesia.pt\/cv\/porque-viajas-tantos\/","title":{"rendered":"&#8220;Porque Viajas Tantos?&#8221;"},"content":{"rendered":"<p>Mais um livro de Aura Miguel <!--more--> Depois de 16 anos a acompanhar o Papa Jo\u00e3o Paulo II nas suas muitas viagens pelo mundo, Aura Miguel, jornalista da R\u00e1dio Renascen\u00e7a, conta, num livro, muitas hist\u00f3rias e perip\u00e9cias destes momentos marcantes. Uma obra com um t\u00edtulo sugestivo \u2014  \u201cPorque Viajas Tanto?\u201d \u2014 que foi apresentada, no passado dia 2 Outubro, em Lisboa, e na qual a autora refere que \u201chavia muita coisa que escapava aos tempos curtos da r\u00e1dio, ou que s\u00f3 passava uma vez\u201d. E adianta: \u201cs\u00e3o acontecimentos de grande humanidade do Papa, da riqueza humana dele. Este livro tenta recriar uma s\u00e9rie de hist\u00f3rias, retratos sobre este Papa e a maneira como ele exerce o seu pontificado\u201d.<\/p>\n<p>Jo\u00e3o C\u00e9sar das Neves, professor universit\u00e1rio e um dos presentes no lan\u00e7amento do livro, real\u00e7a que esta obra se l\u00ea \u201ccomo se fosse um romance\u201d e \u201c\u00e9 um livro para ler sobre um tema fascinante: a figura do Papa, em particular essa figura de mission\u00e1rio, \u00e9 um tema que a autora tra\u00e7a de uma forma muito cuidadosa&#8230;.fascinante\u201d. <\/p>\n<p>Testemunha privilegiada  (j\u00e1 que  o acompanhou  em 49 viagens) do esp\u00edrito peregrino do Papa, Aura Miguel revela em \u201cPorque Viajas Tanto?\u201d um conhecimento profundo de Jo\u00e3o Paulo II como sacerdote e homem totalmente identificado com a figura de Cristo. Com pequenas hist\u00f3rias revela tamb\u00e9m o lado humano de uma rep\u00f3rter incapaz de ficar indiferente \u00e0 figura do actual Papa.<\/p>\n","protected":false},"excerpt":{"rendered":"<p>Mais um livro de Aura Miguel<\/p>\n","protected":false},"author":1,"featured_media":0,"comment_status":"open","ping_status":"open","sticky":false,"template":"","format":"standard","meta":{"footnotes":""},"categories":[66],"tags":[],"class_list":["post-8","post","type-post","status-publish","format-standard","hentry","category-cultura"],"_links":{"self":[{"href":"https:\/\/sites.ecclesia.pt\/cv\/wp-json\/wp\/v2\/posts\/8","targetHints":{"allow":["GET"]}}],"collection":[{"href":"https:\/\/sites.ecclesia.pt\/cv\/wp-json\/wp\/v2\/posts"}],"about":[{"href":"https:\/\/sites.ecclesia.pt\/cv\/wp-json\/wp\/v2\/types\/post"}],"author":[{"embeddable":true,"href":"https:\/\/sites.ecclesia.pt\/cv\/wp-json\/wp\/v2\/users\/1"}],"replies":[{"embeddable":true,"href":"https:\/\/sites.ecclesia.pt\/cv\/wp-json\/wp\/v2\/comments?post=8"}],"version-history":[{"count":0,"href":"https:\/\/sites.ecclesia.pt\/cv\/wp-json\/wp\/v2\/posts\/8\/revisions"}],"wp:attachment":[{"href":"https:\/\/sites.ecclesia.pt\/cv\/wp-json\/wp\/v2\/media?parent=8"}],"wp:term":[{"taxonomy":"category","embeddable":true,"href":"https:\/\/sites.ecclesia.pt\/cv\/wp-json\/wp\/v2\/categories?post=8"},{"taxonomy":"post_tag","embeddable":true,"href":"https:\/\/sites.ecclesia.pt\/cv\/wp-json\/wp\/v2\/tags?post=8"}],"curies":[{"name":"wp","href":"https:\/\/api.w.org\/{rel}","templated":true}]}}