{"id":8002,"date":"2006-10-04T17:34:00","date_gmt":"2006-10-04T17:34:00","guid":{"rendered":"http:\/\/localhost:81\/wp1\/?p=8002"},"modified":"2006-10-04T17:34:00","modified_gmt":"2006-10-04T17:34:00","slug":"pontes-de-s-joao-de-loure-em-livro","status":"publish","type":"post","link":"https:\/\/sites.ecclesia.pt\/cv\/pontes-de-s-joao-de-loure-em-livro\/","title":{"rendered":"Pontes de S. Jo\u00e3o de Loure em livro"},"content":{"rendered":"<p>Albergaria-a-Velha <!--more--> \u201cAs pontes de S\u00e3o Jo\u00e3o de Loure \/ 1896 \u2013 2006\u201d, da autoria de Delfim Bismarck e editado pela EP \u2013 Estradas de Portugal, \u00e9 um livro que tra\u00e7a a hist\u00f3ria do conjunto formado pelas tr\u00eas antigas pontes metalicas sobre o rio Vouga, que ligavam S\u00e3o Jo\u00e3o de Loure a Eixo, obra escrita a convite da \u201cObrecol \u2013 Obras e Constru\u00e7\u00f5es\u201d, empresa que venceu o concurso p\u00fablico para constru\u00e7\u00e3o das novas pontes, recentemente abertas ao tr\u00e1fego, e que substituiram as descritas no livro.<\/p>\n<p>O livro come\u00e7a com uma pequena resenha hist\u00f3rica de S\u00e3o Jo\u00e3o de Loure e dos formas de atravessar o rio Vouga antes da exist\u00eancia das antigas pontes de metal. Depois, o livro analisa a longa hist\u00f3ria, de pouco mais de um s\u00e9culo, das antigas pontes, desde a sua constru\u00e7\u00e3o e inaugura\u00e7\u00e3o, nos finais do s\u00e9culo XIX, at\u00e9 ao seu derrube, j\u00e1 no in\u00edcio do s\u00e9culo XXI, e aborda a constru\u00e7\u00e3o das novas pontes. A obra apresenta v\u00e1rias fotografias das antigas pontes, denominadas de \u201cArr\u00f4tas\u201d, \u201cVagueira\u201d e \u201cVouga\u201d, mas oficialmente com o nome de Conselheiro Francisco de Castro Matoso.<\/p>\n<p>Delfim Bismarck desempenha a fun\u00e7\u00e3o de conservador da Casa-Museu Marieta Solheiro Madureira, em Estarreja, e preside ao Instituto de Genealogia e Her\u00e1ldica da Universidade Lus\u00f3fona do Porto. Entre 1997 e 2005, foi presidente da direc\u00e7\u00e3o da ADERAV \u2013 Associa\u00e7\u00e3o para o Estudo e Defesa do Patrim\u00f3nio Natural e Cultural da Regi\u00e3o de Aveiro, tendo dirigido a respectiva revista \u201cPatrim\u00f3nios\u201d.<\/p>\n","protected":false},"excerpt":{"rendered":"<p>Albergaria-a-Velha<\/p>\n","protected":false},"author":1,"featured_media":0,"comment_status":"open","ping_status":"open","sticky":false,"template":"","format":"standard","meta":{"footnotes":""},"categories":[66],"tags":[],"class_list":["post-8002","post","type-post","status-publish","format-standard","hentry","category-cultura"],"_links":{"self":[{"href":"https:\/\/sites.ecclesia.pt\/cv\/wp-json\/wp\/v2\/posts\/8002","targetHints":{"allow":["GET"]}}],"collection":[{"href":"https:\/\/sites.ecclesia.pt\/cv\/wp-json\/wp\/v2\/posts"}],"about":[{"href":"https:\/\/sites.ecclesia.pt\/cv\/wp-json\/wp\/v2\/types\/post"}],"author":[{"embeddable":true,"href":"https:\/\/sites.ecclesia.pt\/cv\/wp-json\/wp\/v2\/users\/1"}],"replies":[{"embeddable":true,"href":"https:\/\/sites.ecclesia.pt\/cv\/wp-json\/wp\/v2\/comments?post=8002"}],"version-history":[{"count":0,"href":"https:\/\/sites.ecclesia.pt\/cv\/wp-json\/wp\/v2\/posts\/8002\/revisions"}],"wp:attachment":[{"href":"https:\/\/sites.ecclesia.pt\/cv\/wp-json\/wp\/v2\/media?parent=8002"}],"wp:term":[{"taxonomy":"category","embeddable":true,"href":"https:\/\/sites.ecclesia.pt\/cv\/wp-json\/wp\/v2\/categories?post=8002"},{"taxonomy":"post_tag","embeddable":true,"href":"https:\/\/sites.ecclesia.pt\/cv\/wp-json\/wp\/v2\/tags?post=8002"}],"curies":[{"name":"wp","href":"https:\/\/api.w.org\/{rel}","templated":true}]}}