{"id":8613,"date":"2007-01-10T16:57:00","date_gmt":"2007-01-10T16:57:00","guid":{"rendered":"http:\/\/localhost:81\/wp1\/?p=8613"},"modified":"2007-01-10T16:57:00","modified_gmt":"2007-01-10T16:57:00","slug":"distrito-de-aveiro-tem-associacao-de-hotelaria","status":"publish","type":"post","link":"https:\/\/sites.ecclesia.pt\/cv\/distrito-de-aveiro-tem-associacao-de-hotelaria\/","title":{"rendered":"Distrito de Aveiro tem associa\u00e7\u00e3o de hotelaria"},"content":{"rendered":"<p>H\u00e1 na regi\u00e3o 65 unidades de alojamento tur\u00edstico <!--more--> A associa\u00e7\u00e3o de hotelaria criada no in\u00edcio do ano pretende promover a regi\u00e3o e criar \u201cuma boa central de reservas\u201d e \u201cuma boa central de compras\u201d.<\/p>\n<p>A Associa\u00e7\u00e3o da Hotelaria Regional do Distrito de Aveiro (AHRDA) foi fundada por escritura p\u00fablica realizada no dia 5 de Janeiro, na sede da Regi\u00e3o de Turismo da Rota da Luz, local onde est\u00e1 sedeada.<\/p>\n<p>Como s\u00f3cios fundadores est\u00e3o as seguintes unidades hoteleiras (hot\u00e9is, mot\u00e9is, hot\u00e9is rurais, resi-denciais, estalagens, pens\u00f5es, hospedarias): Primavera, Pateira e Quinta do Louredo (concelho de \u00c1gueda), Quinta de Novais (Arouca), Am\u00e9ricas, Afonso V, Jardim Afonso V, Moliceiro, M\u00e9lia, Mercure, Arcada, Alboi, Jo\u00e3o Capela, Jos\u00e9 Est\u00eav\u00e3o, Beira e Alb\u00f3i (Aveiro), Eurosol (Estarreja), Azevedo (\u00cdlhavo), Riabela e Jardins da Ria (Murtosa), Para\u00edso (Oliveira do Bairro), Meia Lua (Ovar) e Santiago (Vagos), aos quais se juntam os s\u00f3cios fundadores honor\u00e1rios: Regi\u00e3o de Turismo da Rota da Luz, Associa\u00e7\u00e3o de Directores de Hot\u00e9is de Portugal e Escola de Forma\u00e7\u00e3o Profissional de Turismo de Aveiro.<\/p>\n<p>A comiss\u00e3o instaladora da AHRDA \u00e9 constitu\u00edda por Carlos Dinis da Silva, Ana Paula Brand\u00e3o Santos, Ant\u00f3nio Augusto Duarte Fernandes e \u00d3scar Alberto Ferreira Damaya. As elei\u00e7\u00f5es para os corpos directivos dever\u00e3o ocorrer ainda em Janeiro.<\/p>\n<p>Neste momento, as unidades hoteleiras fundadoras da AHRDA pertencem aos quinze concelhos que integram a Regi\u00e3o de Turismo da Rota da Luz (\u00c1gueda, Albergaria-a-Velha, Arouca, Aveiro, Castelo de Paiva, Estarreja, \u00cdlhavo, Murtosa, Oliveira de Azem\u00e9is, Oliveira do Bairro, Ovar, S\u00e3o Jo\u00e3o da Madeira, Sever do Vouga, Vagos e Vale de Cambra). No entanto, a associa\u00e7\u00e3o pretende ser representativa de todo o distrito de Aveiro, abrangendo ainda os concelhos de Anadia, Espinho, Mealhada e Santa Maria da Feira, que n\u00e3o integram a regi\u00e3o de turismo sedeada em Aveiro.<\/p>\n<p>Na \u00e1rea de abrang\u00eancia da associa\u00e7\u00e3o, existem 65 unidades de alojamento tur\u00edstico, de acordo com os dados avan\u00e7ados por \u00d3scar Damaya.<\/p>\n<p>O l\u00edder da AHRDA afirmou que, \u201cnestes 18 anos, a promo\u00e7\u00e3o tur\u00edstica de Aveiro tem sido nula, completamente nula\u201d, refor\u00e7ando esta ideia ao dizer: \u201cQuando n\u00f3s, ainda hoje, chegamos a Salamanca e um agente de viagens nos questiona onde \u00e9 Aveiro, isto \u00e9 lament\u00e1vel. Por isso, a promo\u00e7\u00e3o tem sido nula. Felizmente, neste \u00faltimo ano, j\u00e1 houve um grande esfor\u00e7o  e j\u00e1 se notou, neste Ver\u00e3o, que esse esfor\u00e7o teve algum resultado. O que n\u00f3s temos agora em projecto a propor \u00e0 Rota da Luz, que nos tem recebido e nos tem ouvido, \u00e9 tentar fazer que esta promo\u00e7\u00e3o, em menos de dois anos, d\u00ea mais resultados do que em 18 anos\u201d.<\/p>\n<p>Para \u00d3scar Damaya, a AHRDA visa \u201cuma presta\u00e7\u00e3o de servi\u00e7os de qualidade\u201d, para al\u00e9m de criar \u201ccondi\u00e7\u00f5es para que os nossos hoteleiros, com uma boa central de reservas e uma boa central de compras, criem uma boa central de forma\u00e7\u00e3o e uma bolsa de emprego, porque temos aqui em Aveiro a Universidadecom o seu pr\u00f3prio curso de turismo. Temos que aproveitar aquilo que n\u00f3s temos; e n\u00f3s temos potencial\u201d.<\/p>\n","protected":false},"excerpt":{"rendered":"<p>H\u00e1 na regi\u00e3o 65 unidades de alojamento tur\u00edstico<\/p>\n","protected":false},"author":1,"featured_media":0,"comment_status":"open","ping_status":"open","sticky":false,"template":"","format":"standard","meta":{"footnotes":""},"categories":[61],"tags":[],"class_list":["post-8613","post","type-post","status-publish","format-standard","hentry","category-actualidade"],"_links":{"self":[{"href":"https:\/\/sites.ecclesia.pt\/cv\/wp-json\/wp\/v2\/posts\/8613","targetHints":{"allow":["GET"]}}],"collection":[{"href":"https:\/\/sites.ecclesia.pt\/cv\/wp-json\/wp\/v2\/posts"}],"about":[{"href":"https:\/\/sites.ecclesia.pt\/cv\/wp-json\/wp\/v2\/types\/post"}],"author":[{"embeddable":true,"href":"https:\/\/sites.ecclesia.pt\/cv\/wp-json\/wp\/v2\/users\/1"}],"replies":[{"embeddable":true,"href":"https:\/\/sites.ecclesia.pt\/cv\/wp-json\/wp\/v2\/comments?post=8613"}],"version-history":[{"count":0,"href":"https:\/\/sites.ecclesia.pt\/cv\/wp-json\/wp\/v2\/posts\/8613\/revisions"}],"wp:attachment":[{"href":"https:\/\/sites.ecclesia.pt\/cv\/wp-json\/wp\/v2\/media?parent=8613"}],"wp:term":[{"taxonomy":"category","embeddable":true,"href":"https:\/\/sites.ecclesia.pt\/cv\/wp-json\/wp\/v2\/categories?post=8613"},{"taxonomy":"post_tag","embeddable":true,"href":"https:\/\/sites.ecclesia.pt\/cv\/wp-json\/wp\/v2\/tags?post=8613"}],"curies":[{"name":"wp","href":"https:\/\/api.w.org\/{rel}","templated":true}]}}