{"id":8614,"date":"2007-01-10T16:58:00","date_gmt":"2007-01-10T16:58:00","guid":{"rendered":"http:\/\/localhost:81\/wp1\/?p=8614"},"modified":"2007-01-10T16:58:00","modified_gmt":"2007-01-10T16:58:00","slug":"bioria-e-exemplo-europeu-de-turismo-sustentavel","status":"publish","type":"post","link":"https:\/\/sites.ecclesia.pt\/cv\/bioria-e-exemplo-europeu-de-turismo-sustentavel\/","title":{"rendered":"BioRia \u00e9 exemplo europeu de turismo sustent\u00e1vel"},"content":{"rendered":"<p>Projecto promovido pela C\u00e2mara Municipal de Estarreja <!--more--> O BioRia, percurso de observa\u00e7\u00e3o do Baixo Vouga, em Salreu, foi escolhido para representar Portugal no DESTILINK, um projecto de promo\u00e7\u00e3o do turismo sustent\u00e1vel na Europa.<\/p>\n<p>O projecto da C\u00e2mara Municipal de Estarreja foi seleccionado por ser um bom exemplo de gest\u00e3o equilibrada, de desenvolvimento sustent\u00e1vel e de conserva\u00e7\u00e3o da natureza, no qual \u00e9 real\u00e7ada a proximidade e colabora\u00e7\u00e3o com a comunidade e entidades locais.<\/p>\n<p>Numa recente visita a Portugal, Bjarne Rasmussen, coordenador internacional do Projecto Destilink, ficou a conhecer o projecto estarrejense e o Percurso de Salreu do BioRia.<\/p>\n<p>O endere\u00e7o para a p\u00e1gina na Internet \u00e9 www.destilink.net. O documento respeitante ao projecto BioRia encontra-se no menu \u201cGood Pratice Examples\u201d, em \u201cNature &#038; Cultural heritages\u201d.<\/p>\n<p>As esp\u00e9cies animais e vegetais da regi\u00e3o s\u00e3o dadas a conhecer ao pa\u00eds no programa televisivo dedicado \u00e0s quest\u00f5es ambientais \u201cBiosfera\u201d, no Canal Dois. Est\u00e3o j\u00e1 em emiss\u00e3o as nove rubricas denomina-das \u201cBI\u2019s \u2013 Bilhetes de Identidade das Esp\u00e9cies\u201d, nomeadamente das mais importantes da regi\u00e3o, como a vaca da ra\u00e7a Marinhoa, a cegonha-branca, o ouri\u00e7o-cacheiro, entre outras. Esta \u00e9 mais uma forma de promover a regi\u00e3o e o trabalho de conserva\u00e7\u00e3o da natureza desenvolvido no \u00e2mbito do BioRia pela autarquia de Estarreja. Os document\u00e1rios televisivos foram gravados no Percurso de Salreu do BioRia pelos t\u00e9cnicos do Projecto, Rui Brito e Ant\u00f3nio Pereira.<\/p>\n<p>O Percurso de Salreu do BioRia volta a integrar o Programa Escapadinhas desenvolvido pelas Regi\u00f5es de Turismo de Portugal e pelo Instituto de Turismo de Portugal. Em 2007, o BioRia continuar\u00e1 a fazer parte daquele programa, cuja publicidade conta com nomes como Jos\u00e9 Mourinho e Mariza. O sucesso do programa Escapadinhas, em 2006, motivou o seu prolongamento por mais um ano. O BioRia foi convidado pela Regi\u00e3o de Turismo da Rota da Luz a integrar esse programa tur\u00edstico.<\/p>\n","protected":false},"excerpt":{"rendered":"<p>Projecto promovido pela C\u00e2mara Municipal de Estarreja<\/p>\n","protected":false},"author":1,"featured_media":0,"comment_status":"open","ping_status":"open","sticky":false,"template":"","format":"standard","meta":{"footnotes":""},"categories":[61],"tags":[],"class_list":["post-8614","post","type-post","status-publish","format-standard","hentry","category-actualidade"],"_links":{"self":[{"href":"https:\/\/sites.ecclesia.pt\/cv\/wp-json\/wp\/v2\/posts\/8614","targetHints":{"allow":["GET"]}}],"collection":[{"href":"https:\/\/sites.ecclesia.pt\/cv\/wp-json\/wp\/v2\/posts"}],"about":[{"href":"https:\/\/sites.ecclesia.pt\/cv\/wp-json\/wp\/v2\/types\/post"}],"author":[{"embeddable":true,"href":"https:\/\/sites.ecclesia.pt\/cv\/wp-json\/wp\/v2\/users\/1"}],"replies":[{"embeddable":true,"href":"https:\/\/sites.ecclesia.pt\/cv\/wp-json\/wp\/v2\/comments?post=8614"}],"version-history":[{"count":0,"href":"https:\/\/sites.ecclesia.pt\/cv\/wp-json\/wp\/v2\/posts\/8614\/revisions"}],"wp:attachment":[{"href":"https:\/\/sites.ecclesia.pt\/cv\/wp-json\/wp\/v2\/media?parent=8614"}],"wp:term":[{"taxonomy":"category","embeddable":true,"href":"https:\/\/sites.ecclesia.pt\/cv\/wp-json\/wp\/v2\/categories?post=8614"},{"taxonomy":"post_tag","embeddable":true,"href":"https:\/\/sites.ecclesia.pt\/cv\/wp-json\/wp\/v2\/tags?post=8614"}],"curies":[{"name":"wp","href":"https:\/\/api.w.org\/{rel}","templated":true}]}}