{"id":8615,"date":"2007-01-10T17:00:00","date_gmt":"2007-01-10T17:00:00","guid":{"rendered":"http:\/\/localhost:81\/wp1\/?p=8615"},"modified":"2007-01-10T17:00:00","modified_gmt":"2007-01-10T17:00:00","slug":"unirria-em-discussao-publica","status":"publish","type":"post","link":"https:\/\/sites.ecclesia.pt\/cv\/unirria-em-discussao-publica\/","title":{"rendered":"Unir@Ria em discuss\u00e3o p\u00fablica"},"content":{"rendered":"<p>Plano Intermunicipal de Ordenamento da Ria <!--more--> At\u00e9 ao dia 17 de Janeiro de 2007, est\u00e1 em discuss\u00e3o p\u00fablica o Plano Intermunicipal de Ordenamento da Ria \u2013 Unir@Ria, elaborado por iniciativa da AMRia \u2013 Associa\u00e7\u00e3o dos Munic\u00edpios da Ria.<\/p>\n<p>A exposi\u00e7\u00e3o do Plano Intermunicipal de Ordenamento da Ria est\u00e1 patente na sede da AMRia (em Aveiro) e nas c\u00e2maras municipais de \u00c1gueda, Albergaria-a-Velha, Aveiro, Estarreja, \u00cdlhavo, Mira, Murtosa, Oliveira do Bairro, Ovar e Vagos, de segunda a sexta-feira, das 9 \u00e0s 12 horas, e das 14 \u00e0s 16 horas.<\/p>\n<p>Os interessados devem apresentar as suas observa\u00e7\u00f5es ou sugest\u00f5es relativamente ao Plano Unir@Ria, por escrito e em impresso pr\u00f3prio a conceder pelos servi\u00e7os, dirigidas ao Presidente do Conselho de Administra\u00e7\u00e3o da AMRia.<\/p>\n<p>O Plano Intermunicipal de Ordenamento da Ria \u2013 Unir@ Ria, \u00e9 um documento essencial para o futuro da regi\u00e3o. Elaborado por uma equipa de especialistas em planeamento, com a colabora\u00e7\u00e3o de t\u00e9cnicos das autarquias envolvidas, o plano \u00e9 o culminar de alguns anos de trabalho.<\/p>\n","protected":false},"excerpt":{"rendered":"<p>Plano Intermunicipal de Ordenamento da Ria<\/p>\n","protected":false},"author":1,"featured_media":0,"comment_status":"open","ping_status":"open","sticky":false,"template":"","format":"standard","meta":{"footnotes":""},"categories":[61],"tags":[],"class_list":["post-8615","post","type-post","status-publish","format-standard","hentry","category-actualidade"],"_links":{"self":[{"href":"https:\/\/sites.ecclesia.pt\/cv\/wp-json\/wp\/v2\/posts\/8615","targetHints":{"allow":["GET"]}}],"collection":[{"href":"https:\/\/sites.ecclesia.pt\/cv\/wp-json\/wp\/v2\/posts"}],"about":[{"href":"https:\/\/sites.ecclesia.pt\/cv\/wp-json\/wp\/v2\/types\/post"}],"author":[{"embeddable":true,"href":"https:\/\/sites.ecclesia.pt\/cv\/wp-json\/wp\/v2\/users\/1"}],"replies":[{"embeddable":true,"href":"https:\/\/sites.ecclesia.pt\/cv\/wp-json\/wp\/v2\/comments?post=8615"}],"version-history":[{"count":0,"href":"https:\/\/sites.ecclesia.pt\/cv\/wp-json\/wp\/v2\/posts\/8615\/revisions"}],"wp:attachment":[{"href":"https:\/\/sites.ecclesia.pt\/cv\/wp-json\/wp\/v2\/media?parent=8615"}],"wp:term":[{"taxonomy":"category","embeddable":true,"href":"https:\/\/sites.ecclesia.pt\/cv\/wp-json\/wp\/v2\/categories?post=8615"},{"taxonomy":"post_tag","embeddable":true,"href":"https:\/\/sites.ecclesia.pt\/cv\/wp-json\/wp\/v2\/tags?post=8615"}],"curies":[{"name":"wp","href":"https:\/\/api.w.org\/{rel}","templated":true}]}}