{"id":8617,"date":"2007-01-10T17:03:00","date_gmt":"2007-01-10T17:03:00","guid":{"rendered":"http:\/\/localhost:81\/wp1\/?p=8617"},"modified":"2007-01-10T17:03:00","modified_gmt":"2007-01-10T17:03:00","slug":"deus-nao-para-de-procurar-a-nossa-amizade","status":"publish","type":"post","link":"https:\/\/sites.ecclesia.pt\/cv\/deus-nao-para-de-procurar-a-nossa-amizade\/","title":{"rendered":"Deus n\u00e3o p\u00e1ra de procurar a nossa amizade"},"content":{"rendered":"<p>Encontro europeu de Taiz\u00e9 em Zagreb <!--more--> Depois de Lisboa (2004\/05) e Mil\u00e3o (2005\/06), foi em Zagreb (Cro\u00e1cia) que se encontraram quarenta mil jovens de toda a Europa, na passagem de 2006 para 2007. De Portugal foram 250. Quatro de Aveiro. Todos sintonizados na peregrina\u00e7\u00e3o de confian\u00e7a sobre a Terra, isto \u00e9, a compreens\u00e3o mais profunda e sens\u00edvel de que \u201ctodos os homens constituem uma s\u00f3 fam\u00edlia e Deus habita cada ser humano, sem excep\u00e7\u00e3o\u201d. As palavras s\u00e3o do Irm\u00e3o Alois (o sucessor do Ir. Roger na direc\u00e7\u00e3o da comunidade de Taiz\u00e9).<\/p>\n<p>A ideia mais forte do encontro foi esta: A vida est\u00e1 cheia de dificuldades, quer ao n\u00edvel pessoal, quer social. Vamos ficar parados perante as dificuldades? Nem pensar. Quem faz a experi\u00eancia de ser amado e de amar entra numa din\u00e2mica construtiva que d\u00e1 sentido \u00e0 vida. Deus n\u00e3o p\u00e1ra de procurar a nossa amizade.<\/p>\n<p>\u201cCristo n\u00e3o veio apenas para nos ensinar, mas para nos p\u00f4r em comunh\u00e3o com Deus. Ele diz a cada um: est\u00e1 muito pr\u00f3ximo de Deus, e isso para sempre. Mesmo se a nossa f\u00e9 \u00e9 muito pequena, mesmo se temos a impress\u00e3o de que as d\u00favidas s\u00e3o grandes em n\u00f3s, Deus n\u00e3o p\u00e1ra de procurar a nossa amizade\u201d- disse o irm\u00e3o Alois, na \u00faltima medita\u00e7\u00e3o de 2006.<\/p>\n<p>Deus n\u00e3o p\u00e1ra de procurar a nossa amizade. Repetimos. Sinal disso mesmo, para ajudar a interiorizar essa certeza, \u00e9 o \u201c\u00cdcone da Amizade\u201d. Nesse \u00edcone, Jesus estende a m\u00e3o sobre um amigo. O \u00edcone \u00e9 do s\u00e9c. VI. C\u00f3pias desse \u00edcone v\u00e3o circular por toda a Europa. Por Portugal tamb\u00e9m, obviamente. E vem uma a Aveiro. Peregrina entre n\u00f3s.<\/p>\n<p>\u201cAo longo do pr\u00f3ximo ano (ou seja, 2007), este \u00edcone ajudar-vos-\u00e1 a realizar pequenas peregrina\u00e7\u00f5es de confian\u00e7a, em lugares onde os jovens se encontram, de uma cidade a outra, de uma par\u00f3quia a outra, num hospital ou numa casa para crian\u00e7as abandonadas, em lugares onde h\u00e1 pessoas que sofrem\u201d, prometeu Ir. Alois.<\/p>\n<p>O esp\u00edrito da comunidade de Taiz\u00e9 vai crescendo no mundo, com encontros europeus, asi\u00e1ticos e latino-americanos, e vai crescendo em Aveiro. Uma vez por m\u00eas, 60 a 70 jovens encontram-se na Capela de S. Gon\u00e7alinho (perto da Pra\u00e7a do Peixe, em Aveiro) para rezar. O pr\u00f3ximo encontro \u00e9 no dia 19 de Janeiro \u00e0s 21h30. Nem sequer \u00e9 preciso dizer, mas insistimos: est\u00e1s convidado!<\/p>\n","protected":false},"excerpt":{"rendered":"<p>Encontro europeu de Taiz\u00e9 em Zagreb<\/p>\n","protected":false},"author":1,"featured_media":0,"comment_status":"open","ping_status":"open","sticky":false,"template":"","format":"standard","meta":{"footnotes":""},"categories":[51],"tags":[],"class_list":["post-8617","post","type-post","status-publish","format-standard","hentry","category-jovens"],"_links":{"self":[{"href":"https:\/\/sites.ecclesia.pt\/cv\/wp-json\/wp\/v2\/posts\/8617","targetHints":{"allow":["GET"]}}],"collection":[{"href":"https:\/\/sites.ecclesia.pt\/cv\/wp-json\/wp\/v2\/posts"}],"about":[{"href":"https:\/\/sites.ecclesia.pt\/cv\/wp-json\/wp\/v2\/types\/post"}],"author":[{"embeddable":true,"href":"https:\/\/sites.ecclesia.pt\/cv\/wp-json\/wp\/v2\/users\/1"}],"replies":[{"embeddable":true,"href":"https:\/\/sites.ecclesia.pt\/cv\/wp-json\/wp\/v2\/comments?post=8617"}],"version-history":[{"count":0,"href":"https:\/\/sites.ecclesia.pt\/cv\/wp-json\/wp\/v2\/posts\/8617\/revisions"}],"wp:attachment":[{"href":"https:\/\/sites.ecclesia.pt\/cv\/wp-json\/wp\/v2\/media?parent=8617"}],"wp:term":[{"taxonomy":"category","embeddable":true,"href":"https:\/\/sites.ecclesia.pt\/cv\/wp-json\/wp\/v2\/categories?post=8617"},{"taxonomy":"post_tag","embeddable":true,"href":"https:\/\/sites.ecclesia.pt\/cv\/wp-json\/wp\/v2\/tags?post=8617"}],"curies":[{"name":"wp","href":"https:\/\/api.w.org\/{rel}","templated":true}]}}