{"id":8620,"date":"2007-01-10T17:07:00","date_gmt":"2007-01-10T17:07:00","guid":{"rendered":"http:\/\/localhost:81\/wp1\/?p=8620"},"modified":"2007-01-10T17:07:00","modified_gmt":"2007-01-10T17:07:00","slug":"retiro-dos-sacerdotes-2","status":"publish","type":"post","link":"https:\/\/sites.ecclesia.pt\/cv\/retiro-dos-sacerdotes-2\/","title":{"rendered":"Retiro dos Sacerdotes"},"content":{"rendered":"<p>De 12 a 16 de Fevereiro, na Casa Diocesana, vai realizar-se o retiro espiritual para os sacerdotes. Ser\u00e1 orientador o Padre D\u00e1rio Pedroso, S. J..<\/p>\n<p>As respectivas inscri\u00e7\u00f5es s\u00e3o feitas na Secretaria da Diocese ou na C\u00e2mara Eclesi\u00e1stica.<\/p>\n","protected":false},"excerpt":{"rendered":"<p>De 12 a 16 de Fevereiro, na Casa Diocesana, vai realizar-se o retiro espiritual para os sacerdotes. Ser\u00e1 orientador o Padre D\u00e1rio Pedroso, S. J.. As respectivas inscri\u00e7\u00f5es s\u00e3o feitas na Secretaria da Diocese ou na C\u00e2mara Eclesi\u00e1stica.<\/p>\n","protected":false},"author":1,"featured_media":0,"comment_status":"open","ping_status":"open","sticky":false,"template":"","format":"standard","meta":{"footnotes":""},"categories":[70],"tags":[],"class_list":["post-8620","post","type-post","status-publish","format-standard","hentry","category-diocese"],"_links":{"self":[{"href":"https:\/\/sites.ecclesia.pt\/cv\/wp-json\/wp\/v2\/posts\/8620","targetHints":{"allow":["GET"]}}],"collection":[{"href":"https:\/\/sites.ecclesia.pt\/cv\/wp-json\/wp\/v2\/posts"}],"about":[{"href":"https:\/\/sites.ecclesia.pt\/cv\/wp-json\/wp\/v2\/types\/post"}],"author":[{"embeddable":true,"href":"https:\/\/sites.ecclesia.pt\/cv\/wp-json\/wp\/v2\/users\/1"}],"replies":[{"embeddable":true,"href":"https:\/\/sites.ecclesia.pt\/cv\/wp-json\/wp\/v2\/comments?post=8620"}],"version-history":[{"count":0,"href":"https:\/\/sites.ecclesia.pt\/cv\/wp-json\/wp\/v2\/posts\/8620\/revisions"}],"wp:attachment":[{"href":"https:\/\/sites.ecclesia.pt\/cv\/wp-json\/wp\/v2\/media?parent=8620"}],"wp:term":[{"taxonomy":"category","embeddable":true,"href":"https:\/\/sites.ecclesia.pt\/cv\/wp-json\/wp\/v2\/categories?post=8620"},{"taxonomy":"post_tag","embeddable":true,"href":"https:\/\/sites.ecclesia.pt\/cv\/wp-json\/wp\/v2\/tags?post=8620"}],"curies":[{"name":"wp","href":"https:\/\/api.w.org\/{rel}","templated":true}]}}