{"id":8621,"date":"2007-01-10T17:08:00","date_gmt":"2007-01-10T17:08:00","guid":{"rendered":"http:\/\/localhost:81\/wp1\/?p=8621"},"modified":"2007-01-10T17:08:00","modified_gmt":"2007-01-10T17:08:00","slug":"aula-em-albergaria","status":"publish","type":"post","link":"https:\/\/sites.ecclesia.pt\/cv\/aula-em-albergaria\/","title":{"rendered":"Aula em Albergaria"},"content":{"rendered":"<p>Escola Diocesana de M\u00fasica Sacra de Aveiro <!--more--> Realiza-se no pr\u00f3ximo s\u00e1bado, dia 13, na Par\u00f3quia de Albergaria-a-Velha, a quarta sess\u00e3o de forma\u00e7\u00e3o para elementos dos coros paroquiais da Diocese de Aveiro, com o seguinte hor\u00e1rio:<\/p>\n<p>13h30 \u2013 Aula de Educa\u00e7\u00e3o Musical pela Prof.\u00aa Celina Martins;<\/p>\n<p>15h00 &#8211; Trabalho coral, sob a direc\u00e7\u00e3o do Prof. Ant\u00f3nio M\u00e1rio Costa;<\/p>\n<p>18h30 \u2013 Eucaristia dominical. A organista titular, Prof.\u00aa Celina Martins, acompanhar\u00e1 os c\u00e2nticos e tocar\u00e1, no momento do Ofert\u00f3rio, um coral de J. S. Bach e, no fim, o Prel\u00fadio, fuga e Chacone BuxWV 137, de Dietrich Buxtehude.<\/p>\n","protected":false},"excerpt":{"rendered":"<p>Escola Diocesana de M\u00fasica Sacra de Aveiro<\/p>\n","protected":false},"author":1,"featured_media":0,"comment_status":"open","ping_status":"open","sticky":false,"template":"","format":"standard","meta":{"footnotes":""},"categories":[70],"tags":[],"class_list":["post-8621","post","type-post","status-publish","format-standard","hentry","category-diocese"],"_links":{"self":[{"href":"https:\/\/sites.ecclesia.pt\/cv\/wp-json\/wp\/v2\/posts\/8621","targetHints":{"allow":["GET"]}}],"collection":[{"href":"https:\/\/sites.ecclesia.pt\/cv\/wp-json\/wp\/v2\/posts"}],"about":[{"href":"https:\/\/sites.ecclesia.pt\/cv\/wp-json\/wp\/v2\/types\/post"}],"author":[{"embeddable":true,"href":"https:\/\/sites.ecclesia.pt\/cv\/wp-json\/wp\/v2\/users\/1"}],"replies":[{"embeddable":true,"href":"https:\/\/sites.ecclesia.pt\/cv\/wp-json\/wp\/v2\/comments?post=8621"}],"version-history":[{"count":0,"href":"https:\/\/sites.ecclesia.pt\/cv\/wp-json\/wp\/v2\/posts\/8621\/revisions"}],"wp:attachment":[{"href":"https:\/\/sites.ecclesia.pt\/cv\/wp-json\/wp\/v2\/media?parent=8621"}],"wp:term":[{"taxonomy":"category","embeddable":true,"href":"https:\/\/sites.ecclesia.pt\/cv\/wp-json\/wp\/v2\/categories?post=8621"},{"taxonomy":"post_tag","embeddable":true,"href":"https:\/\/sites.ecclesia.pt\/cv\/wp-json\/wp\/v2\/tags?post=8621"}],"curies":[{"name":"wp","href":"https:\/\/api.w.org\/{rel}","templated":true}]}}