{"id":8950,"date":"2007-04-19T15:36:00","date_gmt":"2007-04-19T15:36:00","guid":{"rendered":"http:\/\/localhost:81\/wp1\/?p=8950"},"modified":"2007-04-19T15:36:00","modified_gmt":"2007-04-19T15:36:00","slug":"alunos-do-ensino-basico-participam-nas-olimpiadas-junior-da-universidade-de-aveiro","status":"publish","type":"post","link":"https:\/\/sites.ecclesia.pt\/cv\/alunos-do-ensino-basico-participam-nas-olimpiadas-junior-da-universidade-de-aveiro\/","title":{"rendered":"Alunos do Ensino B\u00e1sico participam nas Olimp\u00edadas J\u00fanior da Universidade de Aveiro"},"content":{"rendered":"<p>A Universidade de Aveiro recebe este S\u00e1bado, 21 de Abril, a 4\u00aa edi\u00e7\u00e3o das Olimp\u00edadas de Qu\u00edmica para o ensino b\u00e1sico, designadas por \u201cOlimp\u00edadas de Qu\u00edmica J\u00fanior\u201d. Cerca de 260 alunos dos 8\u00ba e 9\u00ba anos de escolaridade, representando 30 escolas da regi\u00e3o Centro, v\u00e3o invadir o Campus Universit\u00e1rio, p\u00f4r \u00e0 prova os seus conhecimentos e competir pelas medalhas ol\u00edmpicas.<\/p>\n<p>No total, em nove universidades de todo o pa\u00eds, participam 1260 alunos nas olimp\u00edadas promovidas pela Sociedade Portuguesa de Qu\u00edmica.<\/p>\n","protected":false},"excerpt":{"rendered":"<p>A Universidade de Aveiro recebe este S\u00e1bado, 21 de Abril, a 4\u00aa edi\u00e7\u00e3o das Olimp\u00edadas de Qu\u00edmica para o ensino b\u00e1sico, designadas por \u201cOlimp\u00edadas de Qu\u00edmica J\u00fanior\u201d. Cerca de 260 alunos dos 8\u00ba e 9\u00ba anos de escolaridade, representando 30 escolas da regi\u00e3o Centro, v\u00e3o invadir o Campus Universit\u00e1rio, p\u00f4r \u00e0 prova os seus conhecimentos [&hellip;]<\/p>\n","protected":false},"author":1,"featured_media":0,"comment_status":"open","ping_status":"open","sticky":false,"template":"","format":"standard","meta":{"footnotes":""},"categories":[51],"tags":[],"class_list":["post-8950","post","type-post","status-publish","format-standard","hentry","category-jovens"],"_links":{"self":[{"href":"https:\/\/sites.ecclesia.pt\/cv\/wp-json\/wp\/v2\/posts\/8950","targetHints":{"allow":["GET"]}}],"collection":[{"href":"https:\/\/sites.ecclesia.pt\/cv\/wp-json\/wp\/v2\/posts"}],"about":[{"href":"https:\/\/sites.ecclesia.pt\/cv\/wp-json\/wp\/v2\/types\/post"}],"author":[{"embeddable":true,"href":"https:\/\/sites.ecclesia.pt\/cv\/wp-json\/wp\/v2\/users\/1"}],"replies":[{"embeddable":true,"href":"https:\/\/sites.ecclesia.pt\/cv\/wp-json\/wp\/v2\/comments?post=8950"}],"version-history":[{"count":0,"href":"https:\/\/sites.ecclesia.pt\/cv\/wp-json\/wp\/v2\/posts\/8950\/revisions"}],"wp:attachment":[{"href":"https:\/\/sites.ecclesia.pt\/cv\/wp-json\/wp\/v2\/media?parent=8950"}],"wp:term":[{"taxonomy":"category","embeddable":true,"href":"https:\/\/sites.ecclesia.pt\/cv\/wp-json\/wp\/v2\/categories?post=8950"},{"taxonomy":"post_tag","embeddable":true,"href":"https:\/\/sites.ecclesia.pt\/cv\/wp-json\/wp\/v2\/tags?post=8950"}],"curies":[{"name":"wp","href":"https:\/\/api.w.org\/{rel}","templated":true}]}}