{"id":8951,"date":"2007-04-19T15:37:00","date_gmt":"2007-04-19T15:37:00","guid":{"rendered":"http:\/\/localhost:81\/wp1\/?p=8951"},"modified":"2007-04-19T15:37:00","modified_gmt":"2007-04-19T15:37:00","slug":"jovens-respondem-a-santa-joana","status":"publish","type":"post","link":"https:\/\/sites.ecclesia.pt\/cv\/jovens-respondem-a-santa-joana\/","title":{"rendered":"Jovens respondem a Santa Joana"},"content":{"rendered":"<p>Santa Joana escreveu uma carta aos jovens. Quer dizer, n\u00e3o foi bem Santa Joana. Foi D. Manuel de Almeida Trindade, Bispo de Aveiro, corria o ano de 1979, mas seguindo as ideias e os sentimentos da Princesa. A Carta vai ser reeditada e \u00e9 o pretexto para uma esp\u00e9cie de concurso que a Comiss\u00e3o Diocesana da Cultura e a Irmandade de Santa Joana lan\u00e7am a todos os jovens: \u201cLiberdade, um desafio aos jovens\u201d.<\/p>\n<p>Em que consiste a esp\u00e9cie de concurso? (Dizemos \u201cesp\u00e9cie\u201d porque n\u00e3o h\u00e1 pr\u00e9mios; todos os trabalhos ser\u00e3o expostos na Biblioteca Municipal de Aveiro e os melhores ser\u00e3o publicados no Correio do Vouga.) Consiste em responder \u00e0 Carta da Princesa que trocou o pal\u00e1cio real pelo anonimato da vil\u00f3ria que Aveiro era no s\u00e9c. XV.<\/p>\n<p>Os trabalhos podem ser em prosa, poesia, desenho, pintura, etc. H\u00e1 muito espa\u00e7o para a criatividade e a liberdade. E podem ser enviados ou entregues no Centro Pastoral, Rua Jos\u00e9 Est\u00eav\u00e3o, 50, 3800-201 Aveiro ou enviados para irmandade. santa.joana@gmail.com, at\u00e9 1 de Maio, a tempo de serem expostos por alturas das festas da Princesa (12 de Maio).<\/p>\n<p>Para que a inspira\u00e7\u00e3o comece a surgir, aqui fica o \u00faltimo par\u00e1grafo da \u201cCarta da Princesa Santa Joana aos Jovens\u201d: \u201cO meu desejo e a minha meta era o Mosteiro de Jesus de Aveiro (&#8230;) Houve relut\u00e2ncia \u00e0 minha volta. Senti-me a combater sozinha. Foi preciso impor-me. Mas vale a pena ser teimosa, quero dizer, ser l\u00facida e ter firmeza. (&#8230;) Foi em Aveiro que realizei o meu sonho&#8230;\u201d<\/p>\n","protected":false},"excerpt":{"rendered":"<p>Santa Joana escreveu uma carta aos jovens. Quer dizer, n\u00e3o foi bem Santa Joana. Foi D. Manuel de Almeida Trindade, Bispo de Aveiro, corria o ano de 1979, mas seguindo as ideias e os sentimentos da Princesa. A Carta vai ser reeditada e \u00e9 o pretexto para uma esp\u00e9cie de concurso que a Comiss\u00e3o Diocesana [&hellip;]<\/p>\n","protected":false},"author":1,"featured_media":0,"comment_status":"open","ping_status":"open","sticky":false,"template":"","format":"standard","meta":{"footnotes":""},"categories":[51],"tags":[],"class_list":["post-8951","post","type-post","status-publish","format-standard","hentry","category-jovens"],"_links":{"self":[{"href":"https:\/\/sites.ecclesia.pt\/cv\/wp-json\/wp\/v2\/posts\/8951","targetHints":{"allow":["GET"]}}],"collection":[{"href":"https:\/\/sites.ecclesia.pt\/cv\/wp-json\/wp\/v2\/posts"}],"about":[{"href":"https:\/\/sites.ecclesia.pt\/cv\/wp-json\/wp\/v2\/types\/post"}],"author":[{"embeddable":true,"href":"https:\/\/sites.ecclesia.pt\/cv\/wp-json\/wp\/v2\/users\/1"}],"replies":[{"embeddable":true,"href":"https:\/\/sites.ecclesia.pt\/cv\/wp-json\/wp\/v2\/comments?post=8951"}],"version-history":[{"count":0,"href":"https:\/\/sites.ecclesia.pt\/cv\/wp-json\/wp\/v2\/posts\/8951\/revisions"}],"wp:attachment":[{"href":"https:\/\/sites.ecclesia.pt\/cv\/wp-json\/wp\/v2\/media?parent=8951"}],"wp:term":[{"taxonomy":"category","embeddable":true,"href":"https:\/\/sites.ecclesia.pt\/cv\/wp-json\/wp\/v2\/categories?post=8951"},{"taxonomy":"post_tag","embeddable":true,"href":"https:\/\/sites.ecclesia.pt\/cv\/wp-json\/wp\/v2\/tags?post=8951"}],"curies":[{"name":"wp","href":"https:\/\/api.w.org\/{rel}","templated":true}]}}