{"id":8952,"date":"2007-04-19T15:39:00","date_gmt":"2007-04-19T15:39:00","guid":{"rendered":"http:\/\/localhost:81\/wp1\/?p=8952"},"modified":"2007-04-19T15:39:00","modified_gmt":"2007-04-19T15:39:00","slug":"cafe-musical-entusiasmou-jovens-de-oliveira-do-bairro","status":"publish","type":"post","link":"https:\/\/sites.ecclesia.pt\/cv\/cafe-musical-entusiasmou-jovens-de-oliveira-do-bairro\/","title":{"rendered":"Ca&#8217;F\u00e9 Musical entusiasmou jovens de Oliveira do Bairro"},"content":{"rendered":"<p>No passado dia 24 de Mar\u00e7o realizou-se o segundo momento Ca\u2019F\u00e9 Musical em Oliveira do Bairro, organizado pelo grupo de jovens da par\u00f3quia. O tema deste momento foi: \u201cAmar\u2026uma quest\u00e3o de mem\u00f3ria?\u201d Aqui ficam dois testemunhos.<\/p>\n<p>\u00c9 espantoso como o Amor de Deus \u00e9 de facto grande nas nossas vidas<\/p>\n<p>Um grupo de pessoas ouviu atentamente as m\u00fasicas interpretadas pelo Grupo C.R.E.R. e as palavras simples e concretas do nosso convidado, o Padre Francisco, que veio falar do tema. Escut\u00e1mos tamb\u00e9m um incr\u00edvel testemunho, vivo e aut\u00eantico, de um jovem que se reencontrou como pessoa ap\u00f3s 31 anos de exist\u00eancia. Este momento tocou-me por dentro. Na segunda parte, tivemos anima\u00e7\u00e3o com c\u00e2nticos de um grupo de Irm\u00e3s Franciscanas. Uma delas \u00e9 autora das j\u00e1 conhecidas m\u00fasicas, \u201cVoa bem mais Alto\u201d e \u201cDeixa Deus entrar\u201d. A harmonia circundou todo aquele espa\u00e7o. A magia da f\u00e9 abra\u00e7ava cada um em particular.<\/p>\n<p>Explicar o que nos transcende e que n\u00e3o \u00e9 palp\u00e1vel \u00e9 dif\u00edcil. Mas foram not\u00f3rios os sorrisos estampados nas pessoas que estavam presentes. Falamos de AMOR&#8230; Amor e mem\u00f3ria!<\/p>\n<p>Alguma vez par\u00e1mos para discernir sobre este tema? E suas Fontes? Todos somos convidados a reconciliar-nos com a nossa mem\u00f3ria afectiva. Algu\u00e9m me ama de verdade? Sim! Poderei responder com toda a certeza. A minha pessoa fala por uma experi\u00eancia pr\u00f3pria, por um sentimento forte e confirma\u00e7\u00f5es interiores que foram expressos no brilho dos meus olhos e na alegria serena do meu cora\u00e7\u00e3o. O nosso Pai&#8230; Deus! O \u00fanico que nos ama incondicionalmente! O \u00fanico que nos diz: \u201cEu estou sempre contigo!\u201d E por isso, de tantas vezes que fraquejei e olhei para traz, apenas vi um par de pegadas na areia&#8230; O SEU! Porque, precisamente a\u00ed, e tantas que j\u00e1 foram as vezes, Ele me abra\u00e7ou e me pegou ao colo!<\/p>\n<p>Quantas vezes pensamos no amor que Ele tem pelas nossas vidas? Quando estamos tristes&#8230; falamos com Aquele que \u00e9 fonte de vida? Ou s\u00f3 nos lembramos quando precisamos de qualquer favor?<\/p>\n<p>Desde que fomos concebidos&#8230; ELE sempre gostou de n\u00f3s como realmente somos! Ele sonha com o nosso reencontro para termos paz. Acreditas? Aqui fica a provoca\u00e7\u00e3o&#8230; P\u00e1ra e escuta, reconcilia-te com a Mem\u00f3ria do Amor!<\/p>\n<p>Ana S.<\/p>\n<p>Deus n\u00e3o quer saber de desculpas, quer o nosso regresso para fazer festa<\/p>\n<p>Eu participei em mais um momento diferente e valeu! \u00c9 um tempo que \u00e9 bem aproveitado. O Pe. Francisco falou sobre o tema utilizando a par\u00e1bola do Filho Pr\u00f3-igo. Ao ouvi-lo, fiquei a conhecer melhor e de modo mais rico a mensagem transmitida. Percebi que o mais importante para Deus, nosso Pai, \u00e9 o nosso regresso, n\u00e3o as nossas desculpas por nos termos afastado. Ele alegra-se com a nossa vida e quer fazer festa.<\/p>\n<p>Depois, um jovem deu um testemunho pessoal sobre a sua hist\u00f3ria e mudan\u00e7a de vida, o tal reencontro. Nunca pensei que algu\u00e9m fosse capaz de falar assim de si mesmo.<\/p>\n<p>O momento das Irm\u00e3s foi surpreendente, muito animado. Elas cantaram e tocaram transmitindo muita alegria.<\/p>\n<p>Para mim, este tipo de iniciativas deve acontecer porque nos ajudam a estar mais descontra\u00eddos para compreender e assim continuar a crescer como pessoas que Deus quer ver felizes.<\/p>\n<p>Rui<\/p>\n","protected":false},"excerpt":{"rendered":"<p>No passado dia 24 de Mar\u00e7o realizou-se o segundo momento Ca\u2019F\u00e9 Musical em Oliveira do Bairro, organizado pelo grupo de jovens da par\u00f3quia. O tema deste momento foi: \u201cAmar\u2026uma quest\u00e3o de mem\u00f3ria?\u201d Aqui ficam dois testemunhos. \u00c9 espantoso como o Amor de Deus \u00e9 de facto grande nas nossas vidas Um grupo de pessoas ouviu [&hellip;]<\/p>\n","protected":false},"author":1,"featured_media":0,"comment_status":"open","ping_status":"open","sticky":false,"template":"","format":"standard","meta":{"footnotes":""},"categories":[51],"tags":[],"class_list":["post-8952","post","type-post","status-publish","format-standard","hentry","category-jovens"],"_links":{"self":[{"href":"https:\/\/sites.ecclesia.pt\/cv\/wp-json\/wp\/v2\/posts\/8952","targetHints":{"allow":["GET"]}}],"collection":[{"href":"https:\/\/sites.ecclesia.pt\/cv\/wp-json\/wp\/v2\/posts"}],"about":[{"href":"https:\/\/sites.ecclesia.pt\/cv\/wp-json\/wp\/v2\/types\/post"}],"author":[{"embeddable":true,"href":"https:\/\/sites.ecclesia.pt\/cv\/wp-json\/wp\/v2\/users\/1"}],"replies":[{"embeddable":true,"href":"https:\/\/sites.ecclesia.pt\/cv\/wp-json\/wp\/v2\/comments?post=8952"}],"version-history":[{"count":0,"href":"https:\/\/sites.ecclesia.pt\/cv\/wp-json\/wp\/v2\/posts\/8952\/revisions"}],"wp:attachment":[{"href":"https:\/\/sites.ecclesia.pt\/cv\/wp-json\/wp\/v2\/media?parent=8952"}],"wp:term":[{"taxonomy":"category","embeddable":true,"href":"https:\/\/sites.ecclesia.pt\/cv\/wp-json\/wp\/v2\/categories?post=8952"},{"taxonomy":"post_tag","embeddable":true,"href":"https:\/\/sites.ecclesia.pt\/cv\/wp-json\/wp\/v2\/tags?post=8952"}],"curies":[{"name":"wp","href":"https:\/\/api.w.org\/{rel}","templated":true}]}}