{"id":8953,"date":"2007-04-19T15:40:00","date_gmt":"2007-04-19T15:40:00","guid":{"rendered":"http:\/\/localhost:81\/wp1\/?p=8953"},"modified":"2007-04-19T15:40:00","modified_gmt":"2007-04-19T15:40:00","slug":"actividades-episcopais-4","status":"publish","type":"post","link":"https:\/\/sites.ecclesia.pt\/cv\/actividades-episcopais-4\/","title":{"rendered":"Actividades Episcopais"},"content":{"rendered":"<p>Dia 12 de Abril: D. Ant\u00f3nio Francisco dos Santos reuniu com a Comunidade das Irm\u00e3s do Sagrado Cora\u00e7\u00e3o de Maria, na Costa Nova.<\/p>\n<p>Dia 13: Celebrou a Eucaristia e reuniu com a Comunidade das Irm\u00e3s de Nossa Senhora da Caridade do Bom Pastor, do Lar do Divino Salvador, em \u00cdlhavo. Reuniu com o Movimento de Voluntariado \u201cVida Mais\u201d.<\/p>\n<p>Dia 14: Visitou e reuniu com os v\u00e1rios grupos do itiner\u00e1rio juvenil e vocacional da nossa Diocese, em actividades simult\u00e2neas ao longo do fim-de-semana.<\/p>\n<p>Dia 15: Celebrou a Eucaristia na Par\u00f3quia da Murtosa e visitou a Comunidade das Irm\u00e3s Filhas de Cristo Rei e o Centro Paroquial da Murtosa; participou no encerramento do itiner\u00e1rio juvenil e vocacional da Diocese, na Par\u00f3quia de Pessegueiro do Vouga.<\/p>\n<p>Dia 16: Reuniu com a Comiss\u00e3o Episcopal Voca\u00e7\u00f5es e Minist\u00e9rios e com os delegados diocesanos para o Diaconado Permamente, em F\u00e1tima; de 16 a 19, participa na Assembleia Plen\u00e1ria do Episcopado, em F\u00e1tima.<\/p>\n","protected":false},"excerpt":{"rendered":"<p>Dia 12 de Abril: D. Ant\u00f3nio Francisco dos Santos reuniu com a Comunidade das Irm\u00e3s do Sagrado Cora\u00e7\u00e3o de Maria, na Costa Nova. Dia 13: Celebrou a Eucaristia e reuniu com a Comunidade das Irm\u00e3s de Nossa Senhora da Caridade do Bom Pastor, do Lar do Divino Salvador, em \u00cdlhavo. Reuniu com o Movimento de [&hellip;]<\/p>\n","protected":false},"author":1,"featured_media":0,"comment_status":"open","ping_status":"open","sticky":false,"template":"","format":"standard","meta":{"footnotes":""},"categories":[70],"tags":[],"class_list":["post-8953","post","type-post","status-publish","format-standard","hentry","category-diocese"],"_links":{"self":[{"href":"https:\/\/sites.ecclesia.pt\/cv\/wp-json\/wp\/v2\/posts\/8953","targetHints":{"allow":["GET"]}}],"collection":[{"href":"https:\/\/sites.ecclesia.pt\/cv\/wp-json\/wp\/v2\/posts"}],"about":[{"href":"https:\/\/sites.ecclesia.pt\/cv\/wp-json\/wp\/v2\/types\/post"}],"author":[{"embeddable":true,"href":"https:\/\/sites.ecclesia.pt\/cv\/wp-json\/wp\/v2\/users\/1"}],"replies":[{"embeddable":true,"href":"https:\/\/sites.ecclesia.pt\/cv\/wp-json\/wp\/v2\/comments?post=8953"}],"version-history":[{"count":0,"href":"https:\/\/sites.ecclesia.pt\/cv\/wp-json\/wp\/v2\/posts\/8953\/revisions"}],"wp:attachment":[{"href":"https:\/\/sites.ecclesia.pt\/cv\/wp-json\/wp\/v2\/media?parent=8953"}],"wp:term":[{"taxonomy":"category","embeddable":true,"href":"https:\/\/sites.ecclesia.pt\/cv\/wp-json\/wp\/v2\/categories?post=8953"},{"taxonomy":"post_tag","embeddable":true,"href":"https:\/\/sites.ecclesia.pt\/cv\/wp-json\/wp\/v2\/tags?post=8953"}],"curies":[{"name":"wp","href":"https:\/\/api.w.org\/{rel}","templated":true}]}}