{"id":8954,"date":"2007-04-19T15:41:00","date_gmt":"2007-04-19T15:41:00","guid":{"rendered":"http:\/\/localhost:81\/wp1\/?p=8954"},"modified":"2007-04-19T15:41:00","modified_gmt":"2007-04-19T15:41:00","slug":"oracao-ao-imaculado-coracao-de-maria","status":"publish","type":"post","link":"https:\/\/sites.ecclesia.pt\/cv\/oracao-ao-imaculado-coracao-de-maria\/","title":{"rendered":"Ora\u00e7\u00e3o ao Imaculado Cora\u00e7\u00e3o de Maria"},"content":{"rendered":"<p>Aradas <!--more--> A Comiss\u00e3o Local do Grupo da Imaculada promove no dia 22 de Abril, \u00e0s 15h, uma cerim\u00f3nia comemorativa do 5\u00ba Anivers\u00e1rio do Monumento ao Imaculado Cora\u00e7\u00e3o de Maria em Aradas.<\/p>\n<p>A cerim\u00f3nia ter\u00e1 os seguintes momentos: Prociss\u00e3o com o andor engalanado de Nossa Senhora, Ter\u00e7o solenizado, Alocu\u00e7\u00e3o, Renova\u00e7\u00e3o da Consagra\u00e7\u00e3o, Salv\u00e9 Rainha, Toque de contin\u00eancia, Re-entroniza\u00e7\u00e3o da imagem.<\/p>\n","protected":false},"excerpt":{"rendered":"<p>Aradas<\/p>\n","protected":false},"author":1,"featured_media":0,"comment_status":"open","ping_status":"open","sticky":false,"template":"","format":"standard","meta":{"footnotes":""},"categories":[70],"tags":[],"class_list":["post-8954","post","type-post","status-publish","format-standard","hentry","category-diocese"],"_links":{"self":[{"href":"https:\/\/sites.ecclesia.pt\/cv\/wp-json\/wp\/v2\/posts\/8954","targetHints":{"allow":["GET"]}}],"collection":[{"href":"https:\/\/sites.ecclesia.pt\/cv\/wp-json\/wp\/v2\/posts"}],"about":[{"href":"https:\/\/sites.ecclesia.pt\/cv\/wp-json\/wp\/v2\/types\/post"}],"author":[{"embeddable":true,"href":"https:\/\/sites.ecclesia.pt\/cv\/wp-json\/wp\/v2\/users\/1"}],"replies":[{"embeddable":true,"href":"https:\/\/sites.ecclesia.pt\/cv\/wp-json\/wp\/v2\/comments?post=8954"}],"version-history":[{"count":0,"href":"https:\/\/sites.ecclesia.pt\/cv\/wp-json\/wp\/v2\/posts\/8954\/revisions"}],"wp:attachment":[{"href":"https:\/\/sites.ecclesia.pt\/cv\/wp-json\/wp\/v2\/media?parent=8954"}],"wp:term":[{"taxonomy":"category","embeddable":true,"href":"https:\/\/sites.ecclesia.pt\/cv\/wp-json\/wp\/v2\/categories?post=8954"},{"taxonomy":"post_tag","embeddable":true,"href":"https:\/\/sites.ecclesia.pt\/cv\/wp-json\/wp\/v2\/tags?post=8954"}],"curies":[{"name":"wp","href":"https:\/\/api.w.org\/{rel}","templated":true}]}}