{"id":8958,"date":"2007-05-03T14:54:00","date_gmt":"2007-05-03T14:54:00","guid":{"rendered":"http:\/\/localhost:81\/wp1\/?p=8958"},"modified":"2007-05-03T14:54:00","modified_gmt":"2007-05-03T14:54:00","slug":"familia-e-escola-de-maos-dadas","status":"publish","type":"post","link":"https:\/\/sites.ecclesia.pt\/cv\/familia-e-escola-de-maos-dadas\/","title":{"rendered":"&#8220;Fam\u00edlia e Escola de m\u00e3os dadas&#8221;"},"content":{"rendered":"<p>Encontro Inter-Escolas <!--more--> Em Albergaria-a-Velha, no dia 11 de Maio, prev\u00ea-se uma grande festa com 1500 alunos das escolas (2\u00ba, 3\u00ba ciclos e Ensino Secund\u00e1rio) de toda a diocese.<\/p>\n<p>\u00c9 j\u00e1 no dia 11 de Maio que se realiza o 7\u00ba Inter-Escolas Diocesano de alunos de Educa\u00e7\u00e3o Moral e Religiosa Cat\u00f3lica, este ano em Albergaria-a-Velha. Esperamos cerca de 1500 alunos de todas as escolas e de alguns col\u00e9gios da nossa diocese. \u201cFam\u00edlia e Escola de m\u00e3os dadas\u201d foi o tema escolhido este ano, aceitando a sugest\u00e3o do Secretariado Nacional e dentro das linhas orientadoras do Plano Pastoral da nossa Diocese. O desafio foi lan\u00e7ado e as escolas preparam-se para participar com actividades, que, dentro desta tem\u00e1tica, desafiam toda a criatividade!<\/p>\n<p>Todas ir\u00e3o colaborar na constru\u00e7\u00e3o da \u201c\u00c1rvore da Fam\u00edlia\u201d, na celebra\u00e7\u00e3o presidida pelo nosso Bispo, na caminhada pelas ruas de Albergaria-a-Velha, nos diversos ateli\u00eas, incluindo um especial\u2026 \u201cFam\u00edlias com Vida\u201d! Haver\u00e1 jogos e dramatiza\u00e7\u00f5es, dan\u00e7as e m\u00fasica. Em ambiente de festa, como nos anos anteriores, despedimo-nos construindo um cord\u00e3o humano, que, crescendo em Alegria, termina num abra\u00e7o de Esperan\u00e7a!<\/p>\n<p>Elisa Urbano<\/p>\n","protected":false},"excerpt":{"rendered":"<p>Encontro Inter-Escolas<\/p>\n","protected":false},"author":1,"featured_media":0,"comment_status":"open","ping_status":"open","sticky":false,"template":"","format":"standard","meta":{"footnotes":""},"categories":[51],"tags":[],"class_list":["post-8958","post","type-post","status-publish","format-standard","hentry","category-jovens"],"_links":{"self":[{"href":"https:\/\/sites.ecclesia.pt\/cv\/wp-json\/wp\/v2\/posts\/8958","targetHints":{"allow":["GET"]}}],"collection":[{"href":"https:\/\/sites.ecclesia.pt\/cv\/wp-json\/wp\/v2\/posts"}],"about":[{"href":"https:\/\/sites.ecclesia.pt\/cv\/wp-json\/wp\/v2\/types\/post"}],"author":[{"embeddable":true,"href":"https:\/\/sites.ecclesia.pt\/cv\/wp-json\/wp\/v2\/users\/1"}],"replies":[{"embeddable":true,"href":"https:\/\/sites.ecclesia.pt\/cv\/wp-json\/wp\/v2\/comments?post=8958"}],"version-history":[{"count":0,"href":"https:\/\/sites.ecclesia.pt\/cv\/wp-json\/wp\/v2\/posts\/8958\/revisions"}],"wp:attachment":[{"href":"https:\/\/sites.ecclesia.pt\/cv\/wp-json\/wp\/v2\/media?parent=8958"}],"wp:term":[{"taxonomy":"category","embeddable":true,"href":"https:\/\/sites.ecclesia.pt\/cv\/wp-json\/wp\/v2\/categories?post=8958"},{"taxonomy":"post_tag","embeddable":true,"href":"https:\/\/sites.ecclesia.pt\/cv\/wp-json\/wp\/v2\/tags?post=8958"}],"curies":[{"name":"wp","href":"https:\/\/api.w.org\/{rel}","templated":true}]}}