{"id":8985,"date":"2007-05-09T12:24:00","date_gmt":"2007-05-09T12:24:00","guid":{"rendered":"http:\/\/localhost:81\/wp1\/?p=8985"},"modified":"2007-05-09T12:24:00","modified_gmt":"2007-05-09T12:24:00","slug":"rota-da-luz-promove-primeira-bolsa-de-turismo-de-aveiro","status":"publish","type":"post","link":"https:\/\/sites.ecclesia.pt\/cv\/rota-da-luz-promove-primeira-bolsa-de-turismo-de-aveiro\/","title":{"rendered":"Rota da Luz promove primeira Bolsa de Turismo de Aveiro"},"content":{"rendered":"<p>A primeira Bolsa de Turismo de Aveiro ir\u00e1 decorrer na Universidade de Aveiro, no dia 10 de Maio, numa organiza\u00e7\u00e3o conjunta da Regi\u00e3o de Turismo da Rota da Luz e da RAVT (Grupo de Ag\u00eancias de Viagens e Forma\u00e7\u00e3o em Turismo), com o objectivo de dinamizar as liga\u00e7\u00f5es existentes entre institui\u00e7\u00f5es com responsabilidades na forma\u00e7\u00e3o e investiga\u00e7\u00e3o em turismo e as organiza\u00e7\u00f5es com responsabilidades na oferta de destinos.<\/p>\n<p>A Bolsa integra uma confer\u00eancia e um workshop sobre  o desenvolvimento de destinos tur\u00edsticos subordinados ao tema \u201cJuntos tra\u00e7amos destinos\u201d. A primeira, ter\u00e1 lugar na Sala de Actos Acad\u00e9micos (edif\u00edcio da Reitoria), enquanto que o workshop decorrer\u00e1 no Complexo Pedag\u00f3gico, Cient\u00edfico e Tecnol\u00f3gico.<\/p>\n<p>Na confer\u00eancia, ser\u00e3o apresentadas comunica\u00e7\u00f5es de relevo para a dinamiza\u00e7\u00e3o dos destinos tur\u00edsticos, tanto por investigadores da Universidade de Aveiro, como por respons\u00e1veis pela oferta tur\u00edstica de Portugal (ARESP, Amadeus e Iberojet Portugal). O workshop inclui apresenta\u00e7\u00f5es interactivas de empresas consideradas de grande import\u00e2ncia estrat\u00e9gica na oferta tur\u00edstica de Portugal (ag\u00eancias de viagens, operadores tur\u00edsticos, companhias a\u00e9reas, hot\u00e9is, unidades de turismo em espa\u00e7o rural, termas, parques tem\u00e1ticos, restaurantes, empresas de cruzeiros, de rent-a-car e de forma\u00e7\u00e3o, ag\u00eancias de promo\u00e7\u00e3o, entre outras).<\/p>\n<p>C.F.<\/p>\n<p>Aveiro no 3\u00ba Festival Modernista em Barcelona<\/p>\n<p>A C\u00e2mara Municipal de Aveiro, com o apoio da Regi\u00e3o de Turismo da Rota da Luz, vai participar no III Festival Modernista de Barcelona, que se realiza naquela cidade espanhola, nos dias 18, 19 e 20 de Maio.<\/p>\n<p>A convite do munic\u00edpio de Barcelona, a cidade de Aveiro aderiu \u00e0 Rota Europeia do Modernismo. As cidades aderentes nessa Rota t\u00eam vindo a concretizar os objectivos de salvaguarda e promo\u00e7\u00e3o do patrim\u00f3nio Arte Nova, bem como, na dinamiza\u00e7\u00e3o de actividades relacionadas com esse movimento art\u00edstico. Com a ades\u00e3o de Aveiro a essa Rota, tem havido um aumento do n\u00famero de escolas e institui\u00e7\u00f5es que solicitam visitas guiadas e explicadas ao patrim\u00f3nio aveirense de Arte Nova.<\/p>\n","protected":false},"excerpt":{"rendered":"<p>A primeira Bolsa de Turismo de Aveiro ir\u00e1 decorrer na Universidade de Aveiro, no dia 10 de Maio, numa organiza\u00e7\u00e3o conjunta da Regi\u00e3o de Turismo da Rota da Luz e da RAVT (Grupo de Ag\u00eancias de Viagens e Forma\u00e7\u00e3o em Turismo), com o objectivo de dinamizar as liga\u00e7\u00f5es existentes entre institui\u00e7\u00f5es com responsabilidades na forma\u00e7\u00e3o [&hellip;]<\/p>\n","protected":false},"author":1,"featured_media":0,"comment_status":"open","ping_status":"open","sticky":false,"template":"","format":"standard","meta":{"footnotes":""},"categories":[63],"tags":[],"class_list":["post-8985","post","type-post","status-publish","format-standard","hentry","category-aveiro"],"_links":{"self":[{"href":"https:\/\/sites.ecclesia.pt\/cv\/wp-json\/wp\/v2\/posts\/8985","targetHints":{"allow":["GET"]}}],"collection":[{"href":"https:\/\/sites.ecclesia.pt\/cv\/wp-json\/wp\/v2\/posts"}],"about":[{"href":"https:\/\/sites.ecclesia.pt\/cv\/wp-json\/wp\/v2\/types\/post"}],"author":[{"embeddable":true,"href":"https:\/\/sites.ecclesia.pt\/cv\/wp-json\/wp\/v2\/users\/1"}],"replies":[{"embeddable":true,"href":"https:\/\/sites.ecclesia.pt\/cv\/wp-json\/wp\/v2\/comments?post=8985"}],"version-history":[{"count":0,"href":"https:\/\/sites.ecclesia.pt\/cv\/wp-json\/wp\/v2\/posts\/8985\/revisions"}],"wp:attachment":[{"href":"https:\/\/sites.ecclesia.pt\/cv\/wp-json\/wp\/v2\/media?parent=8985"}],"wp:term":[{"taxonomy":"category","embeddable":true,"href":"https:\/\/sites.ecclesia.pt\/cv\/wp-json\/wp\/v2\/categories?post=8985"},{"taxonomy":"post_tag","embeddable":true,"href":"https:\/\/sites.ecclesia.pt\/cv\/wp-json\/wp\/v2\/tags?post=8985"}],"curies":[{"name":"wp","href":"https:\/\/api.w.org\/{rel}","templated":true}]}}