{"id":9,"date":"2006-04-03T14:44:00","date_gmt":"2006-04-03T14:44:00","guid":{"rendered":"http:\/\/localhost:81\/wp1\/?p=9"},"modified":"2006-04-03T14:44:00","modified_gmt":"2006-04-03T14:44:00","slug":"alvorecer","status":"publish","type":"post","link":"https:\/\/sites.ecclesia.pt\/cv\/alvorecer\/","title":{"rendered":"&#8220;Alvorecer&#8221;"},"content":{"rendered":"<p>Mais um n\u00famero <!--more--> \u201cAlvorecer\u201d \u00e9 um jornal, fotocopiado, do Estabelecimento Prisional Regional de Aveiro, com uma tiragem de 170 exemplares. <\/p>\n<p>O n\u00famero de Julho\/Agosto saiu agora, mas nem assim deixou de merecer a nossa aten\u00e7\u00e3o, ou n\u00e3o houvesse nele poemas, recortes de imprensa e outros textos de reclusos, que sempre nos sugerem alguma reflex\u00e3o. <\/p>\n<p>De Paulo S\u00e9rgio, por exemplo, fica esta promessa: \u201cAs saudades que eu tenho,\/ N\u00e3o se saram em dois dias,\/ Hei-de estar junto de voc\u00eas\/ At\u00e9 que as estrelas de luz\/ Fiquem vazias.\u201d<\/p>\n","protected":false},"excerpt":{"rendered":"<p>Mais um n\u00famero<\/p>\n","protected":false},"author":1,"featured_media":0,"comment_status":"open","ping_status":"open","sticky":false,"template":"","format":"standard","meta":{"footnotes":""},"categories":[66],"tags":[],"class_list":["post-9","post","type-post","status-publish","format-standard","hentry","category-cultura"],"_links":{"self":[{"href":"https:\/\/sites.ecclesia.pt\/cv\/wp-json\/wp\/v2\/posts\/9","targetHints":{"allow":["GET"]}}],"collection":[{"href":"https:\/\/sites.ecclesia.pt\/cv\/wp-json\/wp\/v2\/posts"}],"about":[{"href":"https:\/\/sites.ecclesia.pt\/cv\/wp-json\/wp\/v2\/types\/post"}],"author":[{"embeddable":true,"href":"https:\/\/sites.ecclesia.pt\/cv\/wp-json\/wp\/v2\/users\/1"}],"replies":[{"embeddable":true,"href":"https:\/\/sites.ecclesia.pt\/cv\/wp-json\/wp\/v2\/comments?post=9"}],"version-history":[{"count":0,"href":"https:\/\/sites.ecclesia.pt\/cv\/wp-json\/wp\/v2\/posts\/9\/revisions"}],"wp:attachment":[{"href":"https:\/\/sites.ecclesia.pt\/cv\/wp-json\/wp\/v2\/media?parent=9"}],"wp:term":[{"taxonomy":"category","embeddable":true,"href":"https:\/\/sites.ecclesia.pt\/cv\/wp-json\/wp\/v2\/categories?post=9"},{"taxonomy":"post_tag","embeddable":true,"href":"https:\/\/sites.ecclesia.pt\/cv\/wp-json\/wp\/v2\/tags?post=9"}],"curies":[{"name":"wp","href":"https:\/\/api.w.org\/{rel}","templated":true}]}}