{"id":9074,"date":"2007-03-01T14:43:00","date_gmt":"2007-03-01T14:43:00","guid":{"rendered":"http:\/\/localhost:81\/wp1\/?p=9074"},"modified":"2007-03-01T14:43:00","modified_gmt":"2007-03-01T14:43:00","slug":"peregrinos-de-santa-joana","status":"publish","type":"post","link":"https:\/\/sites.ecclesia.pt\/cv\/peregrinos-de-santa-joana\/","title":{"rendered":"Peregrinos de Santa Joana"},"content":{"rendered":"<p>No passado domingo, esteve em Aveiro um numeroso grupo de pessoas, provenientes de Mirandela e de Macedo de Cavaleiros, especialmente de Salzelas \u2013 par\u00f3quia que tem como padroeira a Princesa Santa Joana. Vieram como \u201cperegrinos\u201d, tendo participado na Eucaristia dominical na freguesia de Santa Joana, \u00e0s 11 horas, celebrada pelo respectivo p\u00e1roco, Padre Ad\u00e9rito Abrantes. Para a tarde, o seu programa contemplou uma visita guiada \u00e0 igreja de Jesus e ao t\u00famulo da Princesa; foi not\u00f3ria a admira\u00e7\u00e3o pelas maravilhas art\u00edsticas, olhadas com muito interesse.<\/p>\n<p>Mons. Jo\u00e3o Gaspar, que casualmente se encontrava no Museu, evocou brevemente a mem\u00f3ria daquela para quem amar a Deus foi servir os necessitados e a vila de Aveiro. Tudo terminou com uma breve ora\u00e7\u00e3o.<\/p>\n","protected":false},"excerpt":{"rendered":"<p>No passado domingo, esteve em Aveiro um numeroso grupo de pessoas, provenientes de Mirandela e de Macedo de Cavaleiros, especialmente de Salzelas \u2013 par\u00f3quia que tem como padroeira a Princesa Santa Joana. Vieram como \u201cperegrinos\u201d, tendo participado na Eucaristia dominical na freguesia de Santa Joana, \u00e0s 11 horas, celebrada pelo respectivo p\u00e1roco, Padre Ad\u00e9rito Abrantes. [&hellip;]<\/p>\n","protected":false},"author":1,"featured_media":0,"comment_status":"open","ping_status":"open","sticky":false,"template":"","format":"standard","meta":{"footnotes":""},"categories":[70],"tags":[],"class_list":["post-9074","post","type-post","status-publish","format-standard","hentry","category-diocese"],"_links":{"self":[{"href":"https:\/\/sites.ecclesia.pt\/cv\/wp-json\/wp\/v2\/posts\/9074","targetHints":{"allow":["GET"]}}],"collection":[{"href":"https:\/\/sites.ecclesia.pt\/cv\/wp-json\/wp\/v2\/posts"}],"about":[{"href":"https:\/\/sites.ecclesia.pt\/cv\/wp-json\/wp\/v2\/types\/post"}],"author":[{"embeddable":true,"href":"https:\/\/sites.ecclesia.pt\/cv\/wp-json\/wp\/v2\/users\/1"}],"replies":[{"embeddable":true,"href":"https:\/\/sites.ecclesia.pt\/cv\/wp-json\/wp\/v2\/comments?post=9074"}],"version-history":[{"count":0,"href":"https:\/\/sites.ecclesia.pt\/cv\/wp-json\/wp\/v2\/posts\/9074\/revisions"}],"wp:attachment":[{"href":"https:\/\/sites.ecclesia.pt\/cv\/wp-json\/wp\/v2\/media?parent=9074"}],"wp:term":[{"taxonomy":"category","embeddable":true,"href":"https:\/\/sites.ecclesia.pt\/cv\/wp-json\/wp\/v2\/categories?post=9074"},{"taxonomy":"post_tag","embeddable":true,"href":"https:\/\/sites.ecclesia.pt\/cv\/wp-json\/wp\/v2\/tags?post=9074"}],"curies":[{"name":"wp","href":"https:\/\/api.w.org\/{rel}","templated":true}]}}