{"id":9096,"date":"2007-03-01T15:31:00","date_gmt":"2007-03-01T15:31:00","guid":{"rendered":"http:\/\/localhost:81\/wp1\/?p=9096"},"modified":"2007-03-01T15:31:00","modified_gmt":"2007-03-01T15:31:00","slug":"curso-para-animadores-culturais","status":"publish","type":"post","link":"https:\/\/sites.ecclesia.pt\/cv\/curso-para-animadores-culturais\/","title":{"rendered":"Curso para animadores culturais"},"content":{"rendered":"<p>Terminam amanh\u00e3, 1 de Mar\u00e7o, as inscri\u00e7\u00f5es para o curso de forma\u00e7\u00e3o de Animadores Culturais. Organizado pela C\u00e2mara Municipal de Aveiro, o curso decorre de 3 de Mar\u00e7o a 5 de Maio, aos s\u00e1bados, das 10h \u00e0s 17, na Casa Municipal da Cultura.<\/p>\n<p>O curso tem por objectivos: \u201capetrechar os formandos de saberes a n\u00edvel intelectual e t\u00e9cnico e propiciar as aprendizagens necess\u00e1rias para dinamizarem as suas comunidades; efectuar mudan\u00e7as qualitativas nas atitudes e comportamentos dos formandos; despertar a raz\u00e3o que cada formando possui, a tomada de consci\u00eancia de si e das suas potencialidades; permitir a aquisi\u00e7\u00e3o de conhecimentos pl\u00e1sticos, musicais, liter\u00e1rios, dram\u00e1ticos, desportivos e ambientais capazes de dinamizar, envolver e desenvolver uma comunidade; fazer sentir que a Educa\u00e7\u00e3o pela Arte \u00e9 um elemento base para o desenvolvimento das diversas faixas et\u00e1rias; e, por \u00faltimo, promover o voluntariado como forma de dinamizar as actividades nas freguesias\u201d.<\/p>\n<p>Cerca de 140 pessoas j\u00e1 frequentaram este curso nas anteriores edi\u00e7\u00f5es, em 2003, 2004 e 2006. Para obter mais informa\u00e7\u00f5es, os interessados podem contactar a Divis\u00e3o de Ac\u00e7\u00e3o Cultural, atrav\u00e9s do telefone 234 377 763 ou pelo email: cultura@cm-aveiro.pt.<\/p>\n","protected":false},"excerpt":{"rendered":"<p>Terminam amanh\u00e3, 1 de Mar\u00e7o, as inscri\u00e7\u00f5es para o curso de forma\u00e7\u00e3o de Animadores Culturais. Organizado pela C\u00e2mara Municipal de Aveiro, o curso decorre de 3 de Mar\u00e7o a 5 de Maio, aos s\u00e1bados, das 10h \u00e0s 17, na Casa Municipal da Cultura. O curso tem por objectivos: \u201capetrechar os formandos de saberes a n\u00edvel [&hellip;]<\/p>\n","protected":false},"author":1,"featured_media":0,"comment_status":"open","ping_status":"open","sticky":false,"template":"","format":"standard","meta":{"footnotes":""},"categories":[63],"tags":[],"class_list":["post-9096","post","type-post","status-publish","format-standard","hentry","category-aveiro"],"_links":{"self":[{"href":"https:\/\/sites.ecclesia.pt\/cv\/wp-json\/wp\/v2\/posts\/9096","targetHints":{"allow":["GET"]}}],"collection":[{"href":"https:\/\/sites.ecclesia.pt\/cv\/wp-json\/wp\/v2\/posts"}],"about":[{"href":"https:\/\/sites.ecclesia.pt\/cv\/wp-json\/wp\/v2\/types\/post"}],"author":[{"embeddable":true,"href":"https:\/\/sites.ecclesia.pt\/cv\/wp-json\/wp\/v2\/users\/1"}],"replies":[{"embeddable":true,"href":"https:\/\/sites.ecclesia.pt\/cv\/wp-json\/wp\/v2\/comments?post=9096"}],"version-history":[{"count":0,"href":"https:\/\/sites.ecclesia.pt\/cv\/wp-json\/wp\/v2\/posts\/9096\/revisions"}],"wp:attachment":[{"href":"https:\/\/sites.ecclesia.pt\/cv\/wp-json\/wp\/v2\/media?parent=9096"}],"wp:term":[{"taxonomy":"category","embeddable":true,"href":"https:\/\/sites.ecclesia.pt\/cv\/wp-json\/wp\/v2\/categories?post=9096"},{"taxonomy":"post_tag","embeddable":true,"href":"https:\/\/sites.ecclesia.pt\/cv\/wp-json\/wp\/v2\/tags?post=9096"}],"curies":[{"name":"wp","href":"https:\/\/api.w.org\/{rel}","templated":true}]}}