{"id":9155,"date":"2007-03-07T16:20:00","date_gmt":"2007-03-07T16:20:00","guid":{"rendered":"http:\/\/localhost:81\/wp1\/?p=9155"},"modified":"2007-03-07T16:20:00","modified_gmt":"2007-03-07T16:20:00","slug":"julio-pedrosa-homenageado-pelos-estudantes-da-ua","status":"publish","type":"post","link":"https:\/\/sites.ecclesia.pt\/cv\/julio-pedrosa-homenageado-pelos-estudantes-da-ua\/","title":{"rendered":"J\u00falio Pedrosa homenageado pelos estudantes da UA"},"content":{"rendered":"<p>J\u00falio Pedrosa, antigo reitor da Universidade de Aveiro e ex-minstro da Educa\u00e7\u00e3o, foi homenageado pela Associa\u00e7\u00e3o Acad\u00e9mica da Universidade de Aveiro, com o t\u00edtulo de s\u00f3cio honor\u00e1rio, devido ao seu trabalho acad\u00e9mico realizado ao longo de quatro d\u00e9cadas, muito em especial na universidade aveirense, onde desempenhou um relevante papel, tanto como professor como em cargos directivos.<\/p>\n","protected":false},"excerpt":{"rendered":"<p>J\u00falio Pedrosa, antigo reitor da Universidade de Aveiro e ex-minstro da Educa\u00e7\u00e3o, foi homenageado pela Associa\u00e7\u00e3o Acad\u00e9mica da Universidade de Aveiro, com o t\u00edtulo de s\u00f3cio honor\u00e1rio, devido ao seu trabalho acad\u00e9mico realizado ao longo de quatro d\u00e9cadas, muito em especial na universidade aveirense, onde desempenhou um relevante papel, tanto como professor como em cargos [&hellip;]<\/p>\n","protected":false},"author":1,"featured_media":0,"comment_status":"open","ping_status":"open","sticky":false,"template":"","format":"standard","meta":{"footnotes":""},"categories":[63],"tags":[],"class_list":["post-9155","post","type-post","status-publish","format-standard","hentry","category-aveiro"],"_links":{"self":[{"href":"https:\/\/sites.ecclesia.pt\/cv\/wp-json\/wp\/v2\/posts\/9155","targetHints":{"allow":["GET"]}}],"collection":[{"href":"https:\/\/sites.ecclesia.pt\/cv\/wp-json\/wp\/v2\/posts"}],"about":[{"href":"https:\/\/sites.ecclesia.pt\/cv\/wp-json\/wp\/v2\/types\/post"}],"author":[{"embeddable":true,"href":"https:\/\/sites.ecclesia.pt\/cv\/wp-json\/wp\/v2\/users\/1"}],"replies":[{"embeddable":true,"href":"https:\/\/sites.ecclesia.pt\/cv\/wp-json\/wp\/v2\/comments?post=9155"}],"version-history":[{"count":0,"href":"https:\/\/sites.ecclesia.pt\/cv\/wp-json\/wp\/v2\/posts\/9155\/revisions"}],"wp:attachment":[{"href":"https:\/\/sites.ecclesia.pt\/cv\/wp-json\/wp\/v2\/media?parent=9155"}],"wp:term":[{"taxonomy":"category","embeddable":true,"href":"https:\/\/sites.ecclesia.pt\/cv\/wp-json\/wp\/v2\/categories?post=9155"},{"taxonomy":"post_tag","embeddable":true,"href":"https:\/\/sites.ecclesia.pt\/cv\/wp-json\/wp\/v2\/tags?post=9155"}],"curies":[{"name":"wp","href":"https:\/\/api.w.org\/{rel}","templated":true}]}}